{"id":7854,"date":"2025-07-29T16:01:33","date_gmt":"2025-07-29T14:01:33","guid":{"rendered":"https:\/\/info.formfedern.com\/informacje-o-sprezynach-piorowych\/"},"modified":"2025-07-30T09:57:18","modified_gmt":"2025-07-30T07:57:18","slug":"informacje-o-sprezynach-piorowych","status":"publish","type":"post","link":"https:\/\/info.formfedern.com\/pl\/informacje-o-sprezynach-piorowych\/","title":{"rendered":"Spr\u0119\u017cyny pi\u00f3rowe produkowane indywidualnie"},"content":{"rendered":"<p><img loading=\"lazy\" decoding=\"async\" class=\"alignleft wp-image-4151\" src=\"https:\/\/info.formfedern.com\/wp-content\/uploads\/\/Gutekunst_Blattfedern-300x240.jpg\" alt=\"Spr\u0119\u017cyny pi\u00f3rowe - Gutekunst forma spr\u0119\u017cyn\" width=\"400\" height=\"320\" data-wp-pid=\"4151\" srcset=\"https:\/\/info.formfedern.com\/wp-content\/uploads\/Gutekunst_Blattfedern-300x240.jpg 300w, https:\/\/info.formfedern.com\/wp-content\/uploads\/Gutekunst_Blattfedern-768x614.jpg 768w, https:\/\/info.formfedern.com\/wp-content\/uploads\/Gutekunst_Blattfedern-600x480.jpg 600w, https:\/\/info.formfedern.com\/wp-content\/uploads\/Gutekunst_Blattfedern-150x120.jpg 150w, https:\/\/info.formfedern.com\/wp-content\/uploads\/Gutekunst_Blattfedern-250x200.jpg 250w, https:\/\/info.formfedern.com\/wp-content\/uploads\/Gutekunst_Blattfedern-800x640.jpg 800w, https:\/\/info.formfedern.com\/wp-content\/uploads\/Gutekunst_Blattfedern-200x160.jpg 200w, https:\/\/info.formfedern.com\/wp-content\/uploads\/Gutekunst_Blattfedern.jpg 1000w\" sizes=\"auto, (max-width: 400px) 100vw, 400px\" \/><a href=\"https:\/\/info.formfedern.com\/pl\/przeglad-resorow-piorowych\/\" target=\"_blank\" rel=\"noopener noreferrer\">Spr\u0119\u017cyny pi\u00f3rowe<\/a> s\u0105<a href=\"https:\/\/info.formfedern.com\/pl\/przeglad-typow-sprezyn\/\" target=\"_blank\" rel=\"noopener noreferrer\"> spr\u0119\u017cyny techniczne<\/a> koniec<a href=\"https:\/\/info.formfedern.com\/pl\/blachy-ze-stali-sprezynowej-i-stali-sprezynowej-z-magazynu\/\" target=\"_blank\" rel=\"noopener noreferrer\"> Stal spr\u0119\u017cynowa<\/a> lub<a href=\"https:\/\/info.formfedern.com\/pl\/wlasciwosci-blach-ze-stali-sprezynowej\/\" target=\"_blank\" rel=\"noopener noreferrer\"> Blacha ze stali spr\u0119\u017cynowej<\/a> kt\u00f3re mog\u0105 by\u0107 produkowane w dowolnym kszta\u0142cie i funkcji. Na odwr\u00f3t<a href=\"https:\/\/info.formfedern.com\/pl\/obliczenie-sprezyny-piorowej\/\" target=\"_blank\" rel=\"noopener noreferrer\"> Si\u0142a spr\u0119\u017cyny<\/a> W przypadku odkszta\u0142cenia spr\u0119\u017cystego spr\u0119\u017cyna p\u0142ytkowa sprawdza si\u0119 w wielu r\u00f3\u017cnych zastosowaniach technologii spr\u0119\u017cyn i dlatego prawie zawsze jest produkowana indywidualnie na zam\u00f3wienie. Ta elastyczno\u015b\u0107 jest r\u00f3wnie\u017c powodem, dla kt\u00f3rego zawsze jest nowy<a href=\"https:\/\/info.formfedern.com\/pl\/przeglad-resorow-piorowych\/\" target=\"_blank\" rel=\"noopener noreferrer\"> Typy spr\u0119\u017cyn pi\u00f3rowych<\/a> by\u0107 wykorzystywane do coraz to nowych zada\u0144. Opr\u00f3cz klasycznych typ\u00f3w resor\u00f3w pi\u00f3rowych, takich jak<a href=\"https:\/\/de.wikipedia.org\/wiki\/Feder_(Technik)\" target=\"_blank\" rel=\"noopener noreferrer\"> Spr\u0119\u017cyny eliptyczne<\/a> ,<a href=\"https:\/\/de.wikipedia.org\/wiki\/Parabelfeder\" target=\"_blank\" rel=\"noopener noreferrer\"> Spr\u0119\u017cyny paraboliczne<\/a> a spr\u0119\u017cyny trapezowe w produkcji pojazd\u00f3w to tak\u017ce te na zam\u00f3wienie<a href=\"https:\/\/info.formfedern.com\/pl\/flachfedern\/\" target=\"_blank\" rel=\"noopener noreferrer\"> Spr\u0119\u017cyny p\u0142askie<\/a> ,<a href=\"https:\/\/info.formfedern.com\/pl\/indywidualnie-ksztaltowane-sprezyny-i-sprezyny-plaskie\/\" target=\"_blank\" rel=\"noopener noreferrer\"> Spr\u0119\u017cyny formowe<\/a> ,<a href=\"https:\/\/info.formfedern.com\/pl\/indywidualne-sprezyny-kontaktowe\/\" target=\"_blank\" rel=\"noopener noreferrer\"> Spr\u0119\u017cyny kontaktowe<\/a> ,<a href=\"https:\/\/info.formfedern.com\/pl\/informacje-o-sprezynach-srubowych\/\" target=\"_blank\" rel=\"noopener noreferrer\"> Spr\u0119\u017cyny \u015brubowe<\/a> ,<a href=\"https:\/\/info.formfedern.com\/pl\/podkladki-sprezyste-i-dociskowe\/\" target=\"_blank\" rel=\"noopener noreferrer\"> Podk\u0142adki spr\u0119\u017cyste<\/a> ,<a href=\"https:\/\/info.formfedern.com\/pl\/podkladki-zabezpieczajace-do-walow-i-osi\/\" target=\"_blank\" rel=\"noopener noreferrer\"> Podk\u0142adki blokuj\u0105ce<\/a> , kt\u00f3re zwykle zapewniaj\u0105 si\u0142y spr\u0119\u017cyny do pchania, ci\u0105gni\u0119cia, trzymania lub zaciskania w in\u017cynierii mechanicznej do wa\u017cnych typ\u00f3w spr\u0119\u017cyn wykonanych ze stali spr\u0119\u017cynowej lub blachy stalowej spr\u0119\u017cynowej.<\/p>\n<p><img loading=\"lazy\" decoding=\"async\" class=\"alignright wp-image-6569\" src=\"https:\/\/info.formfedern.com\/wp-content\/uploads\/\/Spiralfeder_Varianten_600px-1-300x266.jpg\" alt=\"Spr\u0119\u017cyny spiralne od Gutekunst Formfedern\" width=\"400\" height=\"354\" data-wp-pid=\"6569\" srcset=\"https:\/\/info.formfedern.com\/wp-content\/uploads\/Spiralfeder_Varianten_600px-1-300x266.jpg 300w, https:\/\/info.formfedern.com\/wp-content\/uploads\/Spiralfeder_Varianten_600px-1-600x531.jpg 600w, https:\/\/info.formfedern.com\/wp-content\/uploads\/Spiralfeder_Varianten_600px-1-150x133.jpg 150w, https:\/\/info.formfedern.com\/wp-content\/uploads\/Spiralfeder_Varianten_600px-1-200x177.jpg 200w, https:\/\/info.formfedern.com\/wp-content\/uploads\/Spiralfeder_Varianten_600px-1.jpg 700w\" sizes=\"auto, (max-width: 400px) 100vw, 400px\" \/>Spr\u0119\u017cyny pi\u00f3rowe znajduj\u0105 zastosowanie we wszystkich ga\u0142\u0119ziach przemys\u0142u. Wykorzystywane s\u0105 m.in<a href=\"https:\/\/info.formfedern.com\/pl\/sprezyny-techniczne-dla-elektrotechniki-i-elektrotechniki\/\" target=\"_blank\" rel=\"noopener noreferrer\"> In\u017cynieria elektryczna<\/a> NS<a href=\"https:\/\/info.formfedern.com\/pl\/indywidualne-sprezyny-kontaktowe\/\" target=\"_blank\" rel=\"noopener noreferrer\"> Spr\u0119\u017cyny kontaktowe<\/a> do przesy\u0142u \u015bredniego i niskiego napi\u0119cia do opraw o\u015bwietleniowych, lamp i automatycznych wy\u0142\u0105cznik\u00f3w lub as<a href=\"https:\/\/info.formfedern.com\/pl\/indywidualne-styki-akumulatora\/\" target=\"_blank\" rel=\"noopener noreferrer\"> Styk baterii<\/a> . w<a href=\"https:\/\/info.formfedern.com\/pl\/sprezyny-techniczne-dla-techniki-medycznej\/\" target=\"_blank\" rel=\"noopener noreferrer\"> Technologia medyczna<\/a> Spr\u0119\u017cyny pi\u00f3rowe s\u0105 u\u017cywane na przyk\u0142ad w wentylatorach i do dozowania. Mi\u0119dzy innymi ze wzgl\u0119du na surowe przepisy dotycz\u0105ce obs\u0142ugi i higieny, kt\u00f3re maj\u0105 zastosowanie do resor\u00f3w pi\u00f3rowych przez ich<a href=\"https:\/\/info.formfedern.com\/verwendung-federstahl-und-oberflaechenbehandlung\/\" target=\"_blank\" rel=\"noopener noreferrer\"> materia\u0142<\/a> &#8211; oraz<a href=\"https:\/\/info.formfedern.com\/verwendung-federstahl-und-oberflaechenbehandlung\/\" target=\"_blank\" rel=\"noopener noreferrer\"> W\u0142a\u015bciwo\u015bci powierzchni<\/a> mo\u017cna optymalnie wdro\u017cy\u0107. To sprawia, \u017ce s\u0105 one r\u00f3wnie\u017c \u015brodkiem z wyboru do zastosowa\u0144 w<a href=\"https:\/\/info.formfedern.com\/pl\/sprezyny-techniczne-dla-przemyslu-spozywczego\/\" target=\"_blank\" rel=\"noopener noreferrer\"> \u017bywno\u015b\u0107-<\/a> lub przemys\u0142 kosmetyczny. Dzi\u0119ki swoim niezawodnym w\u0142a\u015bciwo\u015bciom mechanicznym resory pi\u00f3rowe znajduj\u0105 r\u00f3wnie\u017c zastosowanie w in\u017cynierii lotniczej \u2013 w szerokiej gamie indywidualnych, szytych na miar\u0119 kszta\u0142t\u00f3w i funkcji, zar\u00f3wno wewn\u0105trz, jak i na zewn\u0105trz.<\/p>\n<p><strong>Oblicz i projektuj resory pi\u00f3rowe<\/strong><\/p>\n<figure id=\"attachment_2440\" aria-describedby=\"caption-attachment-2440\" style=\"width: 400px\" class=\"wp-caption alignleft\"><img loading=\"lazy\" decoding=\"async\" class=\"wp-image-2440\" src=\"https:\/\/info.formfedern.com\/wp-content\/uploads\/\/Biegeradius_Grafik-300x225.jpg\" alt=\"Formowanie metalu z promieniem gi\u0119cia - spr\u0119\u017cyny Gutekunst\" width=\"400\" height=\"300\" data-wp-pid=\"2440\" srcset=\"https:\/\/info.formfedern.com\/wp-content\/uploads\/Biegeradius_Grafik-300x225.jpg 300w, https:\/\/info.formfedern.com\/wp-content\/uploads\/Biegeradius_Grafik-768x576.jpg 768w, https:\/\/info.formfedern.com\/wp-content\/uploads\/Biegeradius_Grafik-600x450.jpg 600w, https:\/\/info.formfedern.com\/wp-content\/uploads\/Biegeradius_Grafik-200x150.jpg 200w, https:\/\/info.formfedern.com\/wp-content\/uploads\/Biegeradius_Grafik.jpg 800w\" sizes=\"auto, (max-width: 400px) 100vw, 400px\" \/><figcaption id=\"caption-attachment-2440\" class=\"wp-caption-text\">Formowanie metalu promieniami gi\u0119cia<\/figcaption><\/figure>\n<p>Spr\u0119\u017cyna p\u0142ytkowa jest zwykle wykonywana na wymiar i jest projektowana i kalkulowana indywidualnie dla danego zastosowania ze wzgl\u0119du na wymagan\u0105 form\u0119 i funkcj\u0119. Przez<a href=\"https:\/\/info.formfedern.com\/pl\/laserowanie-wykrawanie-formowanie-i-montaz\/\"> indywidualny i kompleksowy projekt<\/a> spr\u0119\u017cyna pi\u00f3rowa jest znormalizowan\u0105 konstrukcj\u0105 i<a href=\"https:\/\/info.formfedern.com\/pl\/obliczenie-sprezyny-piorowej\/\" target=\"_blank\" rel=\"noopener noreferrer\"> obliczenie<\/a> tylko w ograniczonym zakresie poprzez obliczenia<a href=\"https:\/\/info.formfedern.com\/pl\/promien-giecia-w-formowaniu-metali\/\" target=\"_blank\" rel=\"noopener noreferrer\"> Promienie gi\u0119cia<\/a> oraz<a href=\"https:\/\/info.formfedern.com\/biegespannung-berechnen\/\" target=\"_blank\" rel=\"noopener noreferrer\"> Napr\u0119\u017cenia zginaj\u0105ce<\/a> mo\u017cliwy. Spr\u0119\u017cyna pi\u00f3rowa jest projektowana iteracyjnie z dowodem wytrzyma\u0142o\u015bci i funkcjonalno\u015bci. Opr\u00f3cz metody element\u00f3w sko\u0144czonych do projektowania wymagane jest wieloletnie do\u015bwiadczenie praktyczne. Dlatego te\u017c <a href=\"https:\/\/info.formfedern.com\/pl\/witamy-w-gutekunst-formfedern-gmbh\/\" target=\"_blank\" rel=\"noopener noreferrer\">Gutekunst Formfedern<\/a> dokumentuje wszystkie istotne informacje projektowe dla kolejnych konstrukcji resor\u00f3w pi\u00f3rowych w szczeg\u00f3\u0142ach z ka\u017cdym indywidualnym producentem. Dla znormalizowanej formy<a href=\"https:\/\/info.formfedern.com\/pl\/zawiera-klipsy-sprezynowe\/\" target=\"_blank\" rel=\"noopener noreferrer\"> Zacisk spr\u0119\u017cynowy<\/a> Jest jednak wyj\u0105tek, jest on r\u00f3wnie\u017c u\u017cywany przez Gutekunst w<a href=\"https:\/\/info.formfedern.com\/pl\/sprzedam-zaciski-sprezynowe-i-zaciski-rurowe\/\" target=\"_blank\" rel=\"noopener noreferrer\"> Standardowe wymiary z magazynu<\/a> oferowany.<\/p>\n<p><strong>\u017b\u0105danie i zam\u00f3wienie pojedynczych resor\u00f3w pi\u00f3rowych<br \/>\n<\/strong><\/p>\n<p>Przy projektowaniu resoru pi\u00f3rowego nale\u017cy podj\u0105\u0107 wiele decyzji: od<a href=\"https:\/\/info.formfedern.com\/pl\/przeglad-resorow-piorowych\/\" target=\"_blank\" rel=\"noopener noreferrer\"> Rodzaj spr\u0119\u017cyny pi\u00f3rowej<\/a> o kszta\u0142cie spr\u0119\u017cyny, jej wymiarach, mocowaniu spr\u0119\u017cyny i<a href=\"https:\/\/info.formfedern.com\/pl\/wlasciwosci-blach-ze-stali-sprezynowej\/\" target=\"_blank\" rel=\"noopener noreferrer\"> Stal spr\u0119\u017cynowa<\/a> do opcji produkcyjnych i testowych. Pomoce w podejmowaniu decyzji to g\u0142\u00f3wnie obliczenia dotycz\u0105ce odkszta\u0142cenia i no\u015bno\u015bci resor\u00f3w pi\u00f3rowych. Gutekunst Formfedern rozwija i produkuje indywidualne<a href=\"https:\/\/info.formfedern.com\/pl\/przeglad-resorow-piorowych\/\" target=\"_blank\" rel=\"noopener noreferrer\"> Typy spr\u0119\u017cyn pi\u00f3rowych<\/a> Jak<a href=\"https:\/\/info.formfedern.com\/pl\/indywidualnie-ksztaltowane-sprezyny-i-sprezyny-plaskie\/\" target=\"_blank\" rel=\"noopener noreferrer\"> Spr\u0119\u017cyny formowe<\/a> ,<a href=\"https:\/\/info.formfedern.com\/pl\/flachfedern\/\" target=\"_blank\" rel=\"noopener noreferrer\"> Spr\u0119\u017cyny p\u0142askie<\/a> ,<a href=\"https:\/\/info.formfedern.com\/pl\/indywidualne-sprezyny-kontaktowe\/\" target=\"_blank\" rel=\"noopener noreferrer\"> Spr\u0119\u017cyny kontaktowe<\/a> ,<a href=\"https:\/\/info.formfedern.com\/pl\/podkladki-sprezyste-i-dociskowe\/\" target=\"_blank\" rel=\"noopener noreferrer\"> Podk\u0142adki spr\u0119\u017cyste<\/a> ,<a href=\"https:\/\/info.formfedern.com\/pl\/podkladki-zabezpieczajace-do-walow-i-osi\/\" target=\"_blank\" rel=\"noopener noreferrer\"> Podk\u0142adki blokuj\u0105ce<\/a> oraz<a href=\"https:\/\/info.formfedern.com\/pl\/informacje-o-sprezynach-srubowych\/\" target=\"_blank\" rel=\"noopener noreferrer\"> Spr\u0119\u017cyny \u015brubowe<\/a> jako pr\u00f3bki, prototypy jak r\u00f3wnie\u017c w ma\u0142ych ilo\u015bciach i du\u017cych seriach.<br \/>\nPo prostu wy\u015blij do nas pod nast\u0119puj\u0105cym przyciskiem pro\u015bby \u201d<a href=\"https:\/\/info.formfedern.com\/formfedern-anfrage\/\" target=\"_blank\" rel=\"noopener noreferrer\"> Spr\u0119\u017cyny pi\u00f3rowe<\/a> &#8221; lub przez e-mail<a href=\"mailto:info@gutekunst-formfedern.de\"> info@gutekunst-formfedern.de<\/a> specyfikacje \u017c\u0105danej spr\u0119\u017cyny p\u0142ytkowej z rysunkiem lub danymi CAD podaj\u0105cymi wymagan\u0105 liczb\u0119 sztuk. W kr\u00f3tkim czasie przedstawimy Ci niewi\u0105\u017c\u0105c\u0105 ofert\u0119. Mo\u017cna r\u00f3wnie\u017c skontaktowa\u0107 si\u0119 bezpo\u015brednio z naszym dzia\u0142em technicznym pod numerem telefonu (+49) 07445 85160.<\/p>\n<p>&nbsp;<\/p>\n<p style=\"text-align: left;\"><a class=\"maxbutton-13 maxbutton maxbutton-spring-request-pl\" target=\"_blank\" rel=\"noopener\" href=\"\/pl\/zadanie-sprezyn\/\"><span class='mb-text'>Zapytanie<\/span><\/a><\/p>\n<p>&nbsp;<\/p>\n<p><em>Dodatkowe informacje:<\/em><\/p>\n<ul>\n<li><a href=\"https:\/\/info.formfedern.com\/pl\/indywidualnie-ksztaltowane-sprezyny-i-sprezyny-plaskie\/\" target=\"_blank\" rel=\"noopener noreferrer\">Indywidualnie kszta\u0142towane spr\u0119\u017cyny i spr\u0119\u017cyny p\u0142askie<\/a><\/li>\n<\/ul>\n<ul>\n<li><a href=\"https:\/\/info.formfedern.com\/pl\/sprezyny-techniczne-dla-techniki-medycznej\/\" target=\"_blank\" rel=\"noopener noreferrer\">Spr\u0119\u017cyny techniczne dla techniki medycznej<\/a><\/li>\n<\/ul>\n<ul>\n<li><a href=\"https:\/\/info.formfedern.com\/pl\/wlasciwosci-sprezyn-technicznych\/\" target=\"_blank\" rel=\"noopener noreferrer\">W\u0142a\u015bciwo\u015bci spr\u0119\u017cyn technicznych<\/a><\/li>\n<\/ul>\n<ul>\n<li><a href=\"https:\/\/info.formfedern.com\/pl\/asortyment-produktow-gutekunst-formfedern\/\" target=\"_blank\" rel=\"noopener noreferrer\">Asortyment produkt\u00f3w Gutekunst Formfedern<\/a><\/li>\n<\/ul>\n<ul>\n<li><a href=\"https:\/\/info.formfedern.com\/pl\/laserowanie-wykrawanie-formowanie-i-montaz\/\">Laserowanie, wykrawanie, formowanie i monta\u017c<\/a><\/li>\n<\/ul>\n<ul>\n<li><a href=\"https:\/\/info.formfedern.com\/verwendung-federstahl-und-oberflaechenbehandlung\/\" target=\"_blank\" rel=\"noopener noreferrer\">Stosowanie stali spr\u0119\u017cynowych i obr\u00f3bka powierzchni<\/a><\/li>\n<\/ul>\n<ul>\n<li><a href=\"https:\/\/info.formfedern.com\/pl\/czesci-laserowe-w-produkcji-ekspresowej\/\" target=\"_blank\" rel=\"noopener noreferrer\">Zamawiaj cz\u0119\u015bci laserowe szybko i \u0142atwo<\/a><\/li>\n<\/ul>","protected":false},"excerpt":{"rendered":"<p>Spr\u0119\u017cyny pi\u00f3rowe s\u0105 spr\u0119\u017cyny techniczne koniec Stal spr\u0119\u017cynowa lub Blacha ze stali spr\u0119\u017cynowej kt\u00f3re mog\u0105 by\u0107 produkowane w dowolnym kszta\u0142cie i funkcji. Na odwr\u00f3t Si\u0142a spr\u0119\u017cyny W przypadku odkszta\u0142cenia spr\u0119\u017cystego spr\u0119\u017cyna p\u0142ytkowa sprawdza si\u0119 w wielu r\u00f3\u017cnych zastosowaniach technologii spr\u0119\u017cyn<\/p>\n","protected":false},"author":6,"featured_media":0,"comment_status":"closed","ping_status":"open","sticky":false,"template":"","format":"standard","meta":{"footnotes":""},"categories":[785,833,793,787],"tags":[909,907,2297,2296,3224,3225,2295],"class_list":["post-7854","post","type-post","status-publish","format-standard","hentry","category-produkty-pl","category-przemysl-pl","category-sprezyny-plytkowe","category-sprzedaz","tag-blattfedern-pl","tag-formfedern-pl","tag-informacja","tag-kup-resory-piorowe","tag-produkowac","tag-produkowac-pl","tag-zapytaj-o-resory-piorowe"],"_links":{"self":[{"href":"https:\/\/info.formfedern.com\/pl\/wp-json\/wp\/v2\/posts\/7854","targetHints":{"allow":["GET"]}}],"collection":[{"href":"https:\/\/info.formfedern.com\/pl\/wp-json\/wp\/v2\/posts"}],"about":[{"href":"https:\/\/info.formfedern.com\/pl\/wp-json\/wp\/v2\/types\/post"}],"author":[{"embeddable":true,"href":"https:\/\/info.formfedern.com\/pl\/wp-json\/wp\/v2\/users\/6"}],"replies":[{"embeddable":true,"href":"https:\/\/info.formfedern.com\/pl\/wp-json\/wp\/v2\/comments?post=7854"}],"version-history":[{"count":4,"href":"https:\/\/info.formfedern.com\/pl\/wp-json\/wp\/v2\/posts\/7854\/revisions"}],"predecessor-version":[{"id":11769,"href":"https:\/\/info.formfedern.com\/pl\/wp-json\/wp\/v2\/posts\/7854\/revisions\/11769"}],"wp:attachment":[{"href":"https:\/\/info.formfedern.com\/pl\/wp-json\/wp\/v2\/media?parent=7854"}],"wp:term":[{"taxonomy":"category","embeddable":true,"href":"https:\/\/info.formfedern.com\/pl\/wp-json\/wp\/v2\/categories?post=7854"},{"taxonomy":"post_tag","embeddable":true,"href":"https:\/\/info.formfedern.com\/pl\/wp-json\/wp\/v2\/tags?post=7854"}],"curies":[{"name":"wp","href":"https:\/\/api.w.org\/{rel}","templated":true}]}}