{"id":6839,"date":"2026-01-25T13:57:14","date_gmt":"2026-01-25T11:57:14","guid":{"rendered":"https:\/\/info.formfedern.com\/wlasciwosci-sprezyn-technicznych\/"},"modified":"2026-01-28T11:36:57","modified_gmt":"2026-01-28T09:36:57","slug":"wlasciwosci-sprezyn-technicznych","status":"publish","type":"post","link":"https:\/\/info.formfedern.com\/pl\/wlasciwosci-sprezyn-technicznych\/","title":{"rendered":"Optymalne wykorzystanie spr\u0119\u017cyn metalowych"},"content":{"rendered":"<p>&nbsp;<\/p>\n<p><strong><img loading=\"lazy\" decoding=\"async\" class=\"alignright wp-image-8697\" src=\"https:\/\/info.formfedern.com\/wp-content\/uploads\/\/Technische-Federn_800x800-300x300.jpg\" alt=\"Spr\u0119\u017cyny techniczne - Gutekunst Formfedern\" width=\"400\" height=\"400\" data-wp-pid=\"8697\" srcset=\"https:\/\/info.formfedern.com\/wp-content\/uploads\/Technische-Federn_800x800-300x300.jpg 300w, https:\/\/info.formfedern.com\/wp-content\/uploads\/Technische-Federn_800x800-150x150.jpg 150w, https:\/\/info.formfedern.com\/wp-content\/uploads\/Technische-Federn_800x800-768x768.jpg 768w, https:\/\/info.formfedern.com\/wp-content\/uploads\/Technische-Federn_800x800-600x600.jpg 600w, https:\/\/info.formfedern.com\/wp-content\/uploads\/Technische-Federn_800x800-270x270.jpg 270w, https:\/\/info.formfedern.com\/wp-content\/uploads\/Technische-Federn_800x800-230x230.jpg 230w, https:\/\/info.formfedern.com\/wp-content\/uploads\/Technische-Federn_800x800-200x200.jpg 200w, https:\/\/info.formfedern.com\/wp-content\/uploads\/Technische-Federn_800x800.jpg 800w\" sizes=\"auto, (max-width: 400px) 100vw, 400px\" \/>Zastosowanie <a href=\"https:\/\/www.federnshop.com\/de\/auswahl-aller-metallfedern.html\" target=\"_blank\" rel=\"noopener\">spr\u0119\u017cyn metalowych<\/a> jest zr\u00f3\u017cnicowane. W zale\u017cno\u015bci od podstawowej funkcji (krzywa si\u0142y, ruch, instalacja), istnieje preferowany <a href=\"https:\/\/info.formfedern.com\/pl\/przeglad-typow-sprezyn\/\">wyb\u00f3r spr\u0119\u017cyny<\/a>. Niezale\u017cnie od tego, czy chodzi o <a href=\"https:\/\/info.formfedern.com\/pl\/sprezyny-formowane-resory-piorowe-i-plaskie\/\" target=\"_blank\" rel=\"noopener\">spr\u0119\u017cyny metalowe wykonane z materia\u0142u p\u0142askiego<\/a>, czy <a href=\"https:\/\/blog.federnshop.com\/auslegung-metallfedern-grundlagen\/\" target=\"_blank\" rel=\"noopener\">z drutu<\/a>, przeczytaj tutaj, co jest wa\u017cne przy opracowywaniu nowej spr\u0119\u017cyny metalowej. <\/strong><\/p>\n<p>Specjalna w\u0142a\u015bciwo\u015b\u0107<a href=\"https:\/\/info.formfedern.com\/pl\/przeglad-typow-sprezyn\/\" target=\"_blank\" rel=\"noopener noreferrer\"> spr\u0119\u017cyny techniczne<\/a> jest tw\u00f3j odwracalny<a href=\"https:\/\/info.formfedern.com\/pl\/wazne-przy-formowaniu-blachy-stalowej-sprezynowej\/\" target=\"_blank\" rel=\"noopener noreferrer\"> Zmiana kszta\u0142tu po za\u0142adowaniu<\/a> . Jest to mo\u017cliwe dzi\u0119ki<a href=\"https:\/\/info.formfedern.com\/biegeverfahren-metallumformung\/\" target=\"_blank\" rel=\"noopener noreferrer\"> specjalny kszta\u0142t<\/a> i u\u017cywane<a href=\"https:\/\/info.formfedern.com\/pl\/wlasciwosci-blach-ze-stali-sprezynowej\/\" target=\"_blank\" rel=\"noopener noreferrer\"> Materia\u0142 spr\u0119\u017cynowy<\/a> . Spr\u0119\u017cyny techniczne s\u0105 stosowane w prawie wszystkich ga\u0142\u0119ziach przemys\u0142u, np. W budowie maszyn,<a href=\"https:\/\/info.formfedern.com\/pl\/sprezyny-techniczne-dla-elektrotechniki-i-elektrotechniki\/\" target=\"_blank\" rel=\"noopener noreferrer\"> In\u017cynieria elektryczna<\/a> ,<a href=\"https:\/\/info.formfedern.com\/pl\/sprezyny-techniczne-dla-techniki-medycznej\/\" target=\"_blank\" rel=\"noopener noreferrer\"> Technologia medyczna<\/a> ,<a href=\"https:\/\/info.formfedern.com\/pl\/sprezyny-techniczne-dla-przemyslu-spozywczego\/\" target=\"_blank\" rel=\"noopener noreferrer\"> Przemys\u0142 spo\u017cywczy<\/a> , Lotnictwo, przemys\u0142 jubilerski itp. I wykonuj\u0105 liczne zadania. Spr\u0119\u017cyny techniczne, takie jak<a href=\"https:\/\/info.formfedern.com\/pl\/indywidualnie-ksztaltowane-sprezyny-i-sprezyny-plaskie\/\"> Tworz\u0105 spr\u0119\u017cyny<\/a> ,<a href=\"https:\/\/info.formfedern.com\/pl\/flachfedern\/\"> Spr\u0119\u017cyny p\u0142askie<\/a> ,<a href=\"https:\/\/info.formfedern.com\/flachformfeder_auslegen\/\"> Spr\u0119\u017cyny p\u0142askie<\/a> ,<a href=\"https:\/\/info.formfedern.com\/pl\/indywidualne-sprezyny-kontaktowe\/\" target=\"_blank\" rel=\"noopener noreferrer\"> Spr\u0119\u017cyny kontaktowe<\/a> ,<a href=\"https:\/\/blog.federnshop.com\/druckfedern\/\"> Spr\u0119\u017cyny dociskowe<\/a> ,<a href=\"https:\/\/blog.federnshop.com\/zugfedern\/\" target=\"_blank\" rel=\"noopener noreferrer\"> Spr\u0119\u017cyny naci\u0105gowe<\/a> i<a href=\"https:\/\/info.formfedern.com\/pl\/informacje-o-sprezynach-srubowych\/\"> Spr\u0119\u017cyny \u015brubowe<\/a> , s\u0105 cz\u0119sto u\u017cywane jako elementy magazynowe, elementy pomiarowe, elementy wibracyjne, elementy spoczynkowe i elementy \u0142o\u017cysk.<\/p>\n<p>&nbsp;<\/p>\n<div id=\"ez-toc-container\" class=\"ez-toc-v2_0_82_2 counter-hierarchy ez-toc-counter ez-toc-grey ez-toc-container-direction\">\n<div class=\"ez-toc-title-container\">\n<p class=\"ez-toc-title\" style=\"cursor:inherit\">Table of Contents<\/p>\n<span class=\"ez-toc-title-toggle\"><\/span><\/div>\n<nav><ul class='ez-toc-list ez-toc-list-level-1 ' ><li class='ez-toc-page-1 ez-toc-heading-level-2'><a class=\"ez-toc-link ez-toc-heading-1\" href=\"https:\/\/info.formfedern.com\/pl\/wlasciwosci-sprezyn-technicznych\/#Technologia_sprezynowa\" >Technologia spr\u0119\u017cynowa<\/a><ul class='ez-toc-list-level-4' ><li class='ez-toc-heading-level-4'><ul class='ez-toc-list-level-4' ><li class='ez-toc-heading-level-4'><a class=\"ez-toc-link ez-toc-heading-2\" href=\"https:\/\/info.formfedern.com\/pl\/wlasciwosci-sprezyn-technicznych\/#Sila_regeneracji\" >Si\u0142a regeneracji<\/a><\/li><li class='ez-toc-page-1 ez-toc-heading-level-4'><a class=\"ez-toc-link ez-toc-heading-3\" href=\"https:\/\/info.formfedern.com\/pl\/wlasciwosci-sprezyn-technicznych\/#Sila_przyczepnosci\" >Si\u0142a przyczepno\u015bci<\/a><\/li><li class='ez-toc-page-1 ez-toc-heading-level-4'><a class=\"ez-toc-link ez-toc-heading-4\" href=\"https:\/\/info.formfedern.com\/pl\/wlasciwosci-sprezyn-technicznych\/#Sila_rownowazaca\" >Si\u0142a r\u00f3wnowa\u017c\u0105ca<\/a><\/li><li class='ez-toc-page-1 ez-toc-heading-level-4'><a class=\"ez-toc-link ez-toc-heading-5\" href=\"https:\/\/info.formfedern.com\/pl\/wlasciwosci-sprezyn-technicznych\/#Sila_ciezaru\" >Si\u0142a ci\u0119\u017caru<\/a><\/li><li class='ez-toc-page-1 ez-toc-heading-level-4'><a class=\"ez-toc-link ez-toc-heading-6\" href=\"https:\/\/info.formfedern.com\/pl\/wlasciwosci-sprezyn-technicznych\/#Sila_napedowa\" >Si\u0142a nap\u0119dowa<\/a><\/li><li class='ez-toc-page-1 ez-toc-heading-level-4'><a class=\"ez-toc-link ez-toc-heading-7\" href=\"https:\/\/info.formfedern.com\/pl\/wlasciwosci-sprezyn-technicznych\/#Wibracje_i_sila_tlumienia\" >Wibracje i si\u0142a t\u0142umienia<\/a><\/li><\/ul><\/li><\/ul><\/li><li class='ez-toc-page-1 ez-toc-heading-level-2'><a class=\"ez-toc-link ez-toc-heading-8\" href=\"https:\/\/info.formfedern.com\/pl\/wlasciwosci-sprezyn-technicznych\/#Rozwoj_wiosenny\" >Rozw\u00f3j wiosenny<\/a><ul class='ez-toc-list-level-4' ><li class='ez-toc-heading-level-4'><ul class='ez-toc-list-level-4' ><li class='ez-toc-heading-level-4'><a class=\"ez-toc-link ez-toc-heading-9\" href=\"https:\/\/info.formfedern.com\/pl\/wlasciwosci-sprezyn-technicznych\/#Zadanie_i_funkcja\" >Zadanie i funkcja<\/a><\/li><li class='ez-toc-page-1 ez-toc-heading-level-4'><a class=\"ez-toc-link ez-toc-heading-10\" href=\"https:\/\/info.formfedern.com\/pl\/wlasciwosci-sprezyn-technicznych\/#Sytuacja_montazowa_i_przestrzen_montazowa\" >Sytuacja monta\u017cowa i przestrze\u0144 monta\u017cowa<\/a><\/li><li class='ez-toc-page-1 ez-toc-heading-level-4'><a class=\"ez-toc-link ez-toc-heading-11\" href=\"https:\/\/info.formfedern.com\/pl\/wlasciwosci-sprezyn-technicznych\/#Rodzaj_i_ksztalt_piora\" >Rodzaj i kszta\u0142t pi\u00f3ra<\/a><\/li><li class='ez-toc-page-1 ez-toc-heading-level-4'><a class=\"ez-toc-link ez-toc-heading-12\" href=\"https:\/\/info.formfedern.com\/pl\/wlasciwosci-sprezyn-technicznych\/#Wymagane_sily_i_skok_sprezyny\" >Wymagane si\u0142y i skok spr\u0119\u017cyny<\/a><\/li><li class='ez-toc-page-1 ez-toc-heading-level-4'><a class=\"ez-toc-link ez-toc-heading-13\" href=\"https:\/\/info.formfedern.com\/pl\/wlasciwosci-sprezyn-technicznych\/#Temperatura_i_srodowisko_pracy\" >Temperatura i \u015brodowisko pracy<\/a><\/li><li class='ez-toc-page-1 ez-toc-heading-level-4'><a class=\"ez-toc-link ez-toc-heading-14\" href=\"https:\/\/info.formfedern.com\/pl\/wlasciwosci-sprezyn-technicznych\/#Rodzaj_obciazenia_i_zywotnosc\" >Rodzaj obci\u0105\u017cenia i \u017cywotno\u015b\u0107<\/a><\/li><\/ul><\/li><\/ul><\/li><li class='ez-toc-page-1 ez-toc-heading-level-2'><a class=\"ez-toc-link ez-toc-heading-15\" href=\"https:\/\/info.formfedern.com\/pl\/wlasciwosci-sprezyn-technicznych\/#Rozwoj_i_produkcja_sprezyn_technicznych\" >Rozw\u00f3j i produkcja spr\u0119\u017cyn technicznych<\/a><\/li><li class='ez-toc-page-1 ez-toc-heading-level-2'><a class=\"ez-toc-link ez-toc-heading-16\" href=\"https:\/\/info.formfedern.com\/pl\/wlasciwosci-sprezyn-technicznych\/#Skorzystaj_z_nowego_sklepu_Formfedern\" >Skorzystaj z nowego sklepu Formfedern<\/a><\/li><\/ul><\/nav><\/div>\n<h2><span class=\"ez-toc-section\" id=\"Technologia_sprezynowa\"><\/span>Technologia spr\u0119\u017cynowa<span class=\"ez-toc-section-end\"><\/span><\/h2>\n<p>Podstawowa funkcja wszystkich spr\u0119\u017cyn metalowych opiera si\u0119 na ich zdolno\u015bci do magazynowania <a href=\"https:\/\/de.wikipedia.org\/wiki\/Potentielle_Energie\">energii potencjalnej<\/a> i przekszta\u0142cania jej w <a href=\"https:\/\/info.formfedern.com\/pl\/energia-mechaniczna-w-metalowych-sprezynach\/\" target=\"_blank\" rel=\"noopener noreferrer\">energi\u0119 kinetyczn\u0105<\/a> w kontrolowany spos\u00f3b. Dla jakich stan\u00f3w si\u0142y s\u0105 cz\u0119sto u\u017cywane spr\u0119\u017cyny techniczne i jakie zadania spe\u0142niaj\u0105, oto kilka przyk\u0142ad\u00f3w:<\/p>\n<ul>\n<li>\n<h4><span class=\"ez-toc-section\" id=\"Sila_regeneracji\"><\/span>Si\u0142a regeneracji<span class=\"ez-toc-section-end\"><\/span><\/h4>\n<p>Si\u0142a spr\u0119\u017cyny jest wykorzystywana jako si\u0142a przeciwdzia\u0142aj\u0105ca, aby przywr\u00f3ci\u0107 poruszaj\u0105c\u0105 si\u0119 mas\u0119 do jej poprzedniego po\u0142o\u017cenia spoczynkowego. Ta si\u0142a przywracaj\u0105ca jest najcz\u0119stszym zastosowaniem spr\u0119\u017cyn technicznych i jest dostarczana r\u00f3wnie cz\u0119sto przez <a href=\"https:\/\/info.formfedern.com\/pl\/indywidualnie-ksztaltowane-sprezyny-i-sprezyny-plaskie\/\" target=\"_blank\" rel=\"noopener\">spr\u0119\u017cyny formowane<\/a>, <a href=\"https:\/\/info.formfedern.com\/pl\/flachfedern\/\" target=\"_blank\" rel=\"noopener\">spr\u0119\u017cyny p\u0142askie<\/a>, <a href=\"https:\/\/blog.federnshop.com\/druckfedern\/\" target=\"_blank\" rel=\"noopener\">spr\u0119\u017cyny \u015bciskane<\/a>, <a href=\"https:\/\/blog.federnshop.com\/zugfedern\/\" target=\"_blank\" rel=\"noopener\">spr\u0119\u017cyny rozci\u0105gane<\/a> i <a href=\"https:\/\/blog.federnshop.com\/schenkelfedern-torsionsfedern\/\" target=\"_blank\" rel=\"noopener\">spr\u0119\u017cyny skr\u0119tne<\/a>.<\/li>\n<li>\n<h4><span class=\"ez-toc-section\" id=\"Sila_przyczepnosci\"><\/span>Si\u0142a przyczepno\u015bci<span class=\"ez-toc-section-end\"><\/span><\/h4>\n<p>W <a href=\"https:\/\/info.formfedern.com\/pl\/niedodatnie-polaczenie-z-sila-sprezyny\/\" target=\"_blank\" rel=\"noopener\">po\u0142\u0105czeniach z blokad\u0105 ciern\u0105<\/a>, <a href=\"https:\/\/info.formfedern.com\/schraubensicherung-nach-mass\/\">podk\u0142adki<\/a> <a href=\"https:\/\/info.formfedern.com\/pl\/podkladki-zabezpieczajace-do-walow-i-osi\/\">zabezpieczaj\u0105ce<\/a> i podk\u0142adki spr\u0119\u017cyste zapewniaj\u0105 si\u0142y \u015bciskaj\u0105ce i adhezyjne, kt\u00f3re przeciwdzia\u0142aj\u0105 na przyk\u0142ad niezamierzonemu poluzowaniu \u015brub i nakr\u0119tek.<\/li>\n<li>\n<h4><span class=\"ez-toc-section\" id=\"Sila_rownowazaca\"><\/span>Si\u0142a r\u00f3wnowa\u017c\u0105ca<span class=\"ez-toc-section-end\"><\/span><\/h4>\n<p style=\"text-align: left;\">Spr\u0119\u017cyny techniczne s\u0105 cz\u0119sto u\u017cywane do kompensowania zmian kszta\u0142tu, wymiar\u00f3w lub po\u0142o\u017cenia innych komponent\u00f3w, np. w przypadku rozszerzalno\u015bci cieplnej lub w celu utrzymania<a href=\"https:\/\/info.formfedern.com\/pl\/sprezyny-techniczne-dla-elektrotechniki-i-elektrotechniki\/\" target=\"_blank\" rel=\"noopener\"> po\u0142\u0105czenia elektrycznego<\/a>. <a href=\"https:\/\/info.formfedern.com\/pl\/sprezyny-formowane-resory-piorowe-i-plaskie\/\" target=\"_blank\" rel=\"noopener\">Spr\u0119\u017cyny formowane<\/a>, <a href=\"https:\/\/info.formfedern.com\/pl\/flachfedern\/\" target=\"_blank\" rel=\"noopener\">spr\u0119\u017cyny p\u0142askie<\/a>, <a href=\"https:\/\/info.formfedern.com\/pl\/indywidualne-sprezyny-kontaktowe\/\" target=\"_blank\" rel=\"noopener\">spr\u0119\u017cyny kontaktowe<\/a>, <a href=\"https:\/\/blog.federnshop.com\/kontaktfedern-nach-mass\/\" target=\"_blank\" rel=\"noopener\">spr\u0119\u017cyny naciskowe i spr\u0119\u017cyny skr\u0119tne<\/a> s\u0105 r\u00f3wnie odpowiednie do tego celu, w zale\u017cno\u015bci od zadania.<\/p>\n<\/li>\n<li>\n<h4><span class=\"ez-toc-section\" id=\"Sila_ciezaru\"><\/span>Si\u0142a ci\u0119\u017caru<span class=\"ez-toc-section-end\"><\/span><\/h4>\n<p>S\u0142u\u017cy do r\u00f3wnomiernego roz\u0142o\u017cenia obci\u0105\u017cenia mi\u0119dzy korpusami. Najlepszy przyk\u0142ad materaca z rdzeniem spr\u0119\u017cynowym, kt\u00f3ry pozwala na tak\u0105 si\u0142\u0119 ci\u0119\u017caru ze specjalnym<a href=\"https:\/\/de.wikipedia.org\/wiki\/Hookesches_Gesetz\" target=\"_blank\" rel=\"noopener noreferrer\"> sto\u017ckowe spr\u0119\u017cyny naciskowe<\/a> zapewnia.<\/li>\n<li>\n<h4><span class=\"ez-toc-section\" id=\"Sila_napedowa\"><\/span>Si\u0142a nap\u0119dowa<span class=\"ez-toc-section-end\"><\/span><\/h4>\n<p>Wst\u0119pne napr\u0119\u017cenie metalowej spr\u0119\u017cyny magazynuje energi\u0119, kt\u00f3ra jest nast\u0119pnie uwalniana po zwolnieniu napr\u0119\u017cenia i nap\u0119dza poruszaj\u0105ce si\u0119 urz\u0105dzenia. Z<a href=\"https:\/\/info.formfedern.com\/pl\/informacje-o-sprezynach-srubowych\/\"> Spr\u0119\u017cyny \u015brubowe<\/a> Na przyk\u0142ad mechaniczne zegarki s\u0105 nap\u0119dzane lub elastyczne smycze dla ps\u00f3w s\u0105 zwijane.<\/li>\n<li>\n<h4><span class=\"ez-toc-section\" id=\"Wibracje_i_sila_tlumienia\"><\/span>Wibracje i si\u0142a t\u0142umienia<span class=\"ez-toc-section-end\"><\/span><\/h4>\n<p>Gdy energia kinetyczna jest poch\u0142aniana przez nap\u0142ywaj\u0105ce si\u0142y lub uderzenia, metalowa spr\u0119\u017cyna odkszta\u0142ca si\u0119. Gdy masa odchyla si\u0119, energia kinetyczna jest przekszta\u0142cana z powrotem w <a href=\"https:\/\/info.formfedern.com\/pl\/energia-mechaniczna-w-metalowych-sprezynach\/\" target=\"_blank\" rel=\"noopener\">energi\u0119 potencjaln\u0105<\/a>. Na przyk\u0142ad,<a href=\"https:\/\/info.formfedern.com\/pl\/przeglad-resorow-piorowych\/\"> Spr\u0119\u017cyny p\u0142ytkowe<\/a> do bezpiecznego obci\u0105\u017cenia si\u0142ami i uderzeniami.<\/li>\n<\/ul>\n<p>&nbsp;<\/p>\n<h2><span class=\"ez-toc-section\" id=\"Rozwoj_wiosenny\"><\/span>Rozw\u00f3j wiosenny<span class=\"ez-toc-section-end\"><\/span><\/h2>\n<figure id=\"attachment_9290\" aria-describedby=\"caption-attachment-9290\" style=\"width: 300px\" class=\"wp-caption alignnone\"><a href=\"https:\/\/info.formfedern.com\/wp-content\/uploads\/\/Spannungs-Dehnungs-Diagramm_600-300x280.png\" target=\"_blank\" rel=\"noopener noreferrer\"><img loading=\"lazy\" decoding=\"async\" class=\"wp-image-2960 size-medium\" src=\"https:\/\/info.formfedern.com\/wp-content\/uploads\/\/Spannungs-Dehnungs-Diagramm_600-300x280.png\" alt=\"Verformungs-Spannungs-Diagramm | Gutekunst Formfedern\" width=\"300\" height=\"280\" data-wp-pid=\"2960\" srcset=\"https:\/\/info.formfedern.com\/wp-content\/uploads\/Spannungs-Dehnungs-Diagramm_600-300x280.png 300w, https:\/\/info.formfedern.com\/wp-content\/uploads\/Spannungs-Dehnungs-Diagramm_600.png 600w, https:\/\/info.formfedern.com\/wp-content\/uploads\/Spannungs-Dehnungs-Diagramm_600-214x200.png 214w, https:\/\/info.formfedern.com\/wp-content\/uploads\/Spannungs-Dehnungs-Diagramm_600-200x187.png 200w\" sizes=\"auto, (max-width: 300px) 100vw, 300px\" \/><\/a><figcaption id=\"caption-attachment-9290\" class=\"wp-caption-text\">Wykres odkszta\u0142cenia-napr\u0119\u017cenia<\/figcaption><\/figure>\n<p>Podczas opracowywania pliku<a href=\"https:\/\/info.formfedern.com\/pl\/sprezyny-techniczne-dla-techniki-medycznej\/\" target=\"_blank\" rel=\"noopener noreferrer\"> spr\u0119\u017cyna techniczna<\/a> jest celem danej aplikacji<a href=\"https:\/\/info.formfedern.com\/pl\/przeglad-typow-sprezyn\/\" target=\"_blank\" rel=\"noopener noreferrer\"> pasuj\u0105ca wiosna<\/a> znale\u017a\u0107 ten, kt\u00f3ry pasuje idealnie, bior\u0105c pod uwag\u0119 wszystkie okoliczno\u015bci. Funkcja, kszta\u0142t i wymiary musz\u0105 by\u0107 tak dobrane, aby spr\u0119\u017cyna techniczna spe\u0142nia\u0142a wymagania<a href=\"https:\/\/blog.federnshop.com\/federarbeit\/\" target=\"_blank\" rel=\"noopener noreferrer\"> Wiosenna praca<\/a> Spe\u0142nia. R\u00f3\u017cne czynniki odgrywaj\u0105 wa\u017cn\u0105 rol\u0119 w wiosennym rozwoju &#8211; na przyk\u0142ad kt\u00f3ry<a href=\"https:\/\/info.formfedern.com\/pl\/wykres-naprezenie-odksztalcenie-stali-sprezynowej\/\" target=\"_blank\" rel=\"noopener noreferrer\"> Napr\u0119\u017cenia i odkszta\u0142cenia<\/a> (<a href=\"https:\/\/de.wikipedia.org\/wiki\/Hookesches_Gesetz\" target=\"_blank\" rel=\"noopener noreferrer\"> Prawo Hooke&#8217;a<\/a> ) spr\u0119\u017cyna techniczna musi odpowiada\u0107, jaki ruch spr\u0119\u017cyny jest po\u017c\u0105dany, jak du\u017ca jest dost\u0119pna przestrze\u0144 monta\u017cowa i jakie elementy \u0142\u0105cz\u0105ce s\u0105 obecne. Ponadto istniej\u0105 w\u0142a\u015bciwo\u015bci i cechy szczeg\u00f3lne wynikaj\u0105ce z og\u00f3lnej konstrukcji i warunk\u00f3w u\u017cytkowania. Tak cz\u0119sto jest mi\u0119dzy innymi<a href=\"https:\/\/info.formfedern.com\/pl\/najczestsze-rodzaje-korozji\/\" target=\"_blank\" rel=\"noopener noreferrer\"> Odporno\u015b\u0107 na korozj\u0119<\/a> ,<a href=\"https:\/\/info.formfedern.com\/pl\/metale-przewodnosci\/\" target=\"_blank\" rel=\"noopener noreferrer\"> Przewodno\u015b\u0107 elektryczna<\/a> lub rozwa\u017cenie produkcji, kt\u00f3ra jest tak ekonomiczna, jak to tylko mo\u017cliwe. Og\u00f3lnie rzecz bior\u0105c, do spr\u0119\u017cyn technicznych maj\u0105 zastosowanie nast\u0119puj\u0105ce wymagania dotycz\u0105ce rozwoju spr\u0119\u017cyn:<\/p>\n<ul>\n<li>\n<h4><span class=\"ez-toc-section\" id=\"Zadanie_i_funkcja\"><\/span>Zadanie i funkcja<span class=\"ez-toc-section-end\"><\/span><\/h4>\n<p>Do czego wykorzystywana jest spr\u0119\u017cyna techniczna (technologia medyczna, \u017cywno\u015b\u0107, elektrotechnika itp.) i jakie funkcje &#8211; takie jak stan si\u0142y, rozw\u00f3j si\u0142y<a href=\"https:\/\/info.formfedern.com\/pl\/przeglad-typow-sprezyn\/\" target=\"_blank\" rel=\"noopener noreferrer\">(krzywa charakterystyki spr\u0119\u017cyny<\/a>) i wszelkie dodatkowe funkcje (przewodzenie pr\u0105du, niemagnetyczno\u015b\u0107, izolacja, kwasoodporno\u015b\u0107, czysto\u015b\u0107 medyczna itp.<\/li>\n<li>\n<h4><span class=\"ez-toc-section\" id=\"Sytuacja_montazowa_i_przestrzen_montazowa\"><\/span>Sytuacja monta\u017cowa i przestrze\u0144 monta\u017cowa<span class=\"ez-toc-section-end\"><\/span><\/h4>\n<p>Jak jest wprowadzana si\u0142a (\u015bciskanie, rozci\u0105ganie, skr\u0119canie lub zginanie) i jaka przestrze\u0144 monta\u017cowa jest do tego dost\u0119pna?<\/li>\n<li>\n<h4><span class=\"ez-toc-section\" id=\"Rodzaj_i_ksztalt_piora\"><\/span>Rodzaj i kszta\u0142t pi\u00f3ra<span class=\"ez-toc-section-end\"><\/span><\/h4>\n<p>Kt\u00f3ry<a href=\"https:\/\/info.formfedern.com\/pl\/przeglad-typow-sprezyn\/\" target=\"_blank\" rel=\"noopener noreferrer\"> Typ spr\u0119\u017cyny<\/a> nadaje si\u0119 do zadania i za pomoc\u0105 jakiego kszta\u0142tu spr\u0119\u017cyny mo\u017cna to zrealizowa\u0107 w istniej\u0105cej przestrzeni monta\u017cowej?<\/li>\n<li>\n<h4><span class=\"ez-toc-section\" id=\"Wymagane_sily_i_skok_sprezyny\"><\/span>Wymagane si\u0142y i skok spr\u0119\u017cyny<span class=\"ez-toc-section-end\"><\/span><\/h4>\n<p>Jakie <a href=\"https:\/\/info.formfedern.com\/pl\/obliczenie-sprezyny-piorowej\/\" target=\"_blank\" rel=\"noopener\">si\u0142y spr\u0119\u017cyny<\/a> s\u0105 wymagane dla okre\u015blonych skok\u00f3w lub d\u0142ugo\u015bci spr\u0119\u017cyny?<\/li>\n<li>\n<h4><span class=\"ez-toc-section\" id=\"Temperatura_i_srodowisko_pracy\"><\/span>Temperatura i \u015brodowisko pracy<span class=\"ez-toc-section-end\"><\/span><\/h4>\n<p>W kt\u00f3rym<a href=\"https:\/\/info.formfedern.com\/pl\/zastosowanie-blach-sprezynowych-i-obrobka-powierzchni\/\" target=\"_blank\" rel=\"noopener noreferrer\"> Temperatura pracy i \u015brodowisko<\/a> (Powietrze, s\u0142ona woda, olej silnikowy itp.) Czy u\u017cywana jest spr\u0119\u017cyna techniczna?<\/li>\n<li>\n<h4><span class=\"ez-toc-section\" id=\"Rodzaj_obciazenia_i_zywotnosc\"><\/span>Rodzaj obci\u0105\u017cenia i \u017cywotno\u015b\u0107<span class=\"ez-toc-section-end\"><\/span><\/h4>\n<p>Kt\u00f3ry<a href=\"https:\/\/blog.federnshop.com\/beanspruchung-druckfedern\/\" target=\"_blank\" rel=\"noopener noreferrer\"> Rodzaj obci\u0105\u017cenia<\/a> Wyst\u0119puje statyczne obci\u0105\u017cenie sta\u0142e lub obci\u0105\u017cenie dynamiczne ze zmiennymi obci\u0105\u017ceniami i napr\u0119\u017ceniami udarowymi. Na jak\u0105 ca\u0142kowit\u0105 \u017cywotno\u015b\u0107 nale\u017cy wykona\u0107 spr\u0119\u017cyn\u0119 techniczn\u0105?<\/li>\n<\/ul>\n<p>&nbsp;<\/p>\n<h2><span class=\"ez-toc-section\" id=\"Rozwoj_i_produkcja_sprezyn_technicznych\"><\/span>Rozw\u00f3j i produkcja spr\u0119\u017cyn technicznych<span class=\"ez-toc-section-end\"><\/span><\/h2>\n<p>Je\u015bli masz dodatkowe pytania dotycz\u0105ce spr\u0119\u017cyn metalowych lub potrzebujesz fachowego projektu z niewi\u0105\u017c\u0105c\u0105 wycen\u0105 dla swojej aplikacji spr\u0119\u017cynowej. Wystarczy przes\u0142a\u0107 nam rysunek lub dane CAD potrzebnej spr\u0119\u017cyny metalowej za pomoc\u0105 poni\u017cszego formularza zapytania lub za po\u015brednictwem <a href=\"https:\/\/shop.formfedern.com\" target=\"_blank\" rel=\"noopener\">sklepu Formfedern<\/a>. Mo\u017cna r\u00f3wnie\u017c skontaktowa\u0107 si\u0119 bezpo\u015brednio z technikami Gutekunst telefonicznie pod numerem (+49) 07445 85160 lub poczt\u0105 elektroniczn\u0105 na adres: <a href=\"mailto:info@gutekunst-formfedern.de\">info@gutekunst-formfedern.de.<\/a><\/p>\n<p style=\"text-align: left;\"><a class=\"maxbutton-13 maxbutton maxbutton-spring-request-pl\" target=\"_blank\" rel=\"noopener\" href=\"\/pl\/zadanie-sprezyn\/\"><span class='mb-text'>Zapytanie<\/span><\/a><\/p>\n<p><a href=\"https:\/\/blog.federnshop.com\/gutekunst-federn\/\" target=\"_blank\" rel=\"noopener noreferrer\">Gutekunst<\/a> <a href=\"https:\/\/info.formfedern.com\/pl\/witamy-w-gutekunst-formfedern-gmbh\/\" target=\"_blank\" rel=\"noopener noreferrer\">Formfedern<\/a> opracowuje i produkuje spr\u0119\u017cyny techniczne, takie jak <a href=\"https:\/\/info.formfedern.com\/pl\/indywidualnie-ksztaltowane-sprezyny-i-sprezyny-plaskie\/\" target=\"_blank\" rel=\"noopener noreferrer\">spr\u0119\u017cyny formowane<\/a>, <a href=\"https:\/\/info.formfedern.com\/pl\/flachfedern\/\" target=\"_blank\" rel=\"noopener noreferrer\">spr\u0119\u017cyny p\u0142askie<\/a>, <a href=\"https:\/\/info.formfedern.com\/pl\/indywidualne-sprezyny-kontaktowe\/\" target=\"_blank\" rel=\"noopener noreferrer\">spr\u0119\u017cyny kontaktowe<\/a> i <a href=\"https:\/\/info.formfedern.com\/pl\/informacje-o-sprezynach-srubowych\/\" target=\"_blank\" rel=\"noopener noreferrer\">spr\u0119\u017cyny spiralne<\/a>, a tak\u017ce <a href=\"https:\/\/blog.federnshop.com\/druckfedern\/\" target=\"_blank\" rel=\"noopener noreferrer\">spr\u0119\u017cyny naciskowe<\/a>, <a href=\"https:\/\/blog.federnshop.com\/zugfedern\/\" target=\"_blank\" rel=\"noopener noreferrer\">spr\u0119\u017cyny naci\u0105gowe<\/a> i <a href=\"https:\/\/blog.federnshop.com\/schenkelfedern-torsionsfedern\/\" target=\"_blank\" rel=\"noopener noreferrer\">spr\u0119\u017cyny skr\u0119tne<\/a> Gutekunst Federn jako pr\u00f3bki, prototypy, w ma\u0142ych ilo\u015bciach i du\u017cych seriach.<\/p>\n<p>&nbsp;<\/p>\n<h2><span class=\"ez-toc-section\" id=\"Skorzystaj_z_nowego_sklepu_Formfedern\"><\/span>Skorzystaj z nowego sklepu Formfedern<span class=\"ez-toc-section-end\"><\/span><\/h2>\n<p>Nowy sklep ze spr\u0119\u017cynami do form firmy Gutekunst Formfedern oferuje szereg korzy\u015bci w zakresie zakupu spr\u0119\u017cyn do form, spr\u0119\u017cyn p\u0142askich, cz\u0119\u015bci laserowych i cz\u0119\u015bci z blachy. Dzi\u0119ki prostej obs\u0142udze, przejrzystej kalkulacji cen online i szybkiemu przetwarzaniu cyfrowemu jest prawdziwym wsparciem dla projektant\u00f3w, technik\u00f3w i nabywc\u00f3w. Wreszcie, niestandardowe cz\u0119\u015bci formowane z metalu mo\u017cna konfigurowa\u0107, oblicza\u0107 ceny, sk\u0142ada\u0107 zapytania i zamawia\u0107 w nieskomplikowany i oszcz\u0119dzaj\u0105cy czas spos\u00f3b &#8211; przez ca\u0142\u0105 dob\u0119 i przy zachowaniu maksymalnej przejrzysto\u015bci.<\/p>\n<p>Wypr\u00f3buj sam na <a href=\"https:\/\/shop.formfedern.com\/en\/\" target=\"_blank\" rel=\"noopener\">https:\/\/shop.formfedern.com\/en\/<\/a><\/p>\n<a class=\"maxbutton-23 maxbutton maxbutton-form-springs-shop\" target=\"_blank\" title=\"Form Springs Shop\" rel=\"noopener\" href=\"https:\/\/shop.formfedern.com\/en\/\"><span class='mb-text'>Form Springs Shop<\/span><\/a>\n<p>&nbsp;<\/p>\n<p><em>Aby uzyska\u0107 wi\u0119cej informacji, zobacz:<\/em><\/p>\n<ul>\n<li><a href=\"https:\/\/info.formfedern.com\/pl\/laserowanie-wykrawanie-formowanie-i-montaz\/\">Laserowanie, wykrawanie, formowanie i monta\u017c<\/a><\/li>\n<\/ul>\n<ul>\n<li><a href=\"https:\/\/info.formfedern.com\/pl\/sprezyny-formowane-resory-piorowe-i-plaskie\/\">Spr\u0119\u017cyny formowane, resory pi\u00f3rowe i p\u0142askie<\/a><\/li>\n<\/ul>\n<ul>\n<li><a href=\"https:\/\/info.formfedern.com\/pl\/sprezyny-techniczne-dla-przemyslu-spozywczego\/\" target=\"_blank\" rel=\"noopener noreferrer\">Spr\u0119\u017cyny techniczne dla techniki medycznej<\/a><\/li>\n<\/ul>\n<ul>\n<li><a href=\"https:\/\/info.formfedern.com\/pl\/sprezyny-techniczne-dla-przemyslu-spozywczego\/\" target=\"_blank\" rel=\"noopener noreferrer\">Spr\u0119\u017cyny techniczne dla przemys\u0142u spo\u017cywczego<\/a><\/li>\n<\/ul>\n<ul>\n<li><a href=\"https:\/\/info.formfedern.com\/klemmfedern\/\">Spr\u0119\u017cyny zaciskowe do regulacji, blokowania i mocowania<\/a><\/li>\n<\/ul>\n<ul>\n<li><a href=\"https:\/\/info.formfedern.com\/pl\/przeglad-resorow-piorowych\/\" target=\"_blank\" rel=\"noopener noreferrer\">Przegl\u0105d resor\u00f3w pi\u00f3rowych<\/a><\/li>\n<\/ul>\n<ul>\n<li><a href=\"https:\/\/info.formfedern.com\/pl\/czesci-laserowe-w-produkcji-ekspresowej\/\" target=\"_blank\" rel=\"noopener noreferrer\">Cz\u0119\u015bci laserowe ekspresowe<\/a><\/li>\n<\/ul>\n<p>&nbsp;<\/p>","protected":false},"excerpt":{"rendered":"<p>&nbsp; Zastosowanie spr\u0119\u017cyn metalowych jest zr\u00f3\u017cnicowane. W zale\u017cno\u015bci od podstawowej funkcji (krzywa si\u0142y, ruch, instalacja), istnieje preferowany wyb\u00f3r spr\u0119\u017cyny. Niezale\u017cnie od tego, czy chodzi o spr\u0119\u017cyny metalowe wykonane z materia\u0142u p\u0142askiego, czy z drutu, przeczytaj tutaj, co jest wa\u017cne przy<\/p>\n","protected":false},"author":6,"featured_media":8697,"comment_status":"closed","ping_status":"open","sticky":false,"template":"","format":"standard","meta":{"footnotes":""},"categories":[833,793,795,786],"tags":[1904,1541,908,907,968,1347,1276,1905,973],"class_list":["post-6839","post","type-post","status-publish","format-standard","has-post-thumbnail","hentry","category-przemysl-pl","category-sprezyny-plytkowe","category-sprezyny-w-ksztalcie","category-wiedza","tag-cechy","tag-dobra-sztuka","tag-flachfedern-pl","tag-formfedern-pl","tag-kontaktfedern-pl","tag-sila-sprezyny","tag-spiralfedern-pl","tag-sprezyny-dociskowe-sprezyny-naciagowe","tag-technische-federn-pl"],"_links":{"self":[{"href":"https:\/\/info.formfedern.com\/pl\/wp-json\/wp\/v2\/posts\/6839","targetHints":{"allow":["GET"]}}],"collection":[{"href":"https:\/\/info.formfedern.com\/pl\/wp-json\/wp\/v2\/posts"}],"about":[{"href":"https:\/\/info.formfedern.com\/pl\/wp-json\/wp\/v2\/types\/post"}],"author":[{"embeddable":true,"href":"https:\/\/info.formfedern.com\/pl\/wp-json\/wp\/v2\/users\/6"}],"replies":[{"embeddable":true,"href":"https:\/\/info.formfedern.com\/pl\/wp-json\/wp\/v2\/comments?post=6839"}],"version-history":[{"count":7,"href":"https:\/\/info.formfedern.com\/pl\/wp-json\/wp\/v2\/posts\/6839\/revisions"}],"predecessor-version":[{"id":12052,"href":"https:\/\/info.formfedern.com\/pl\/wp-json\/wp\/v2\/posts\/6839\/revisions\/12052"}],"wp:featuredmedia":[{"embeddable":true,"href":"https:\/\/info.formfedern.com\/pl\/wp-json\/wp\/v2\/media\/8697"}],"wp:attachment":[{"href":"https:\/\/info.formfedern.com\/pl\/wp-json\/wp\/v2\/media?parent=6839"}],"wp:term":[{"taxonomy":"category","embeddable":true,"href":"https:\/\/info.formfedern.com\/pl\/wp-json\/wp\/v2\/categories?post=6839"},{"taxonomy":"post_tag","embeddable":true,"href":"https:\/\/info.formfedern.com\/pl\/wp-json\/wp\/v2\/tags?post=6839"}],"curies":[{"name":"wp","href":"https:\/\/api.w.org\/{rel}","templated":true}]}}