{"id":12181,"date":"2026-04-28T10:47:29","date_gmt":"2026-04-28T08:47:29","guid":{"rendered":"https:\/\/info.formfedern.com\/?p=12181"},"modified":"2026-04-28T10:47:29","modified_gmt":"2026-04-28T08:47:29","slug":"mi-az-a-laprugo-es-a-formazott-rugo","status":"publish","type":"post","link":"https:\/\/info.formfedern.com\/hu\/mi-az-a-laprugo-es-a-formazott-rugo\/","title":{"rendered":"Mi az a laprug\u00f3 \u00e9s a form\u00e1zott rug\u00f3?"},"content":{"rendered":"<p><img loading=\"lazy\" decoding=\"async\" class=\"wp-image-4057 alignright\" src=\"https:\/\/info.formfedern.com\/wp-content\/uploads\/\/Formfedern_Uebersicht_900-300x209.jpg\" alt=\"Laprug\u00f3k \u00e9s form\u00e1zott rug\u00f3k - Gutekunst Formfedern\" width=\"500\" height=\"348\" data-wp-pid=\"4057\" srcset=\"https:\/\/info.formfedern.com\/wp-content\/uploads\/Formfedern_Uebersicht_900-300x209.jpg 300w, https:\/\/info.formfedern.com\/wp-content\/uploads\/Formfedern_Uebersicht_900-768x534.jpg 768w, https:\/\/info.formfedern.com\/wp-content\/uploads\/Formfedern_Uebersicht_900-600x417.jpg 600w, https:\/\/info.formfedern.com\/wp-content\/uploads\/Formfedern_Uebersicht_900-150x104.jpg 150w, https:\/\/info.formfedern.com\/wp-content\/uploads\/Formfedern_Uebersicht_900-288x200.jpg 288w, https:\/\/info.formfedern.com\/wp-content\/uploads\/Formfedern_Uebersicht_900-800x556.jpg 800w, https:\/\/info.formfedern.com\/wp-content\/uploads\/Formfedern_Uebersicht_900-200x139.jpg 200w, https:\/\/info.formfedern.com\/wp-content\/uploads\/Formfedern_Uebersicht_900.jpg 900w\" sizes=\"auto, (max-width: 500px) 100vw, 500px\" \/>A laprug\u00f3k \u00e9s a lapos anyagb\u00f3l k\u00e9sz\u00fclt form\u00e1zott rug\u00f3k egyre fontosabb szerepet j\u00e1tszanak az \u00e9p\u00edt\u00e9si technol\u00f3gi\u00e1ban. Ezek a rug\u00f3ac\u00e9l szalagb\u00f3l vagy rug\u00f3lemezb\u0151l k\u00e9sz\u00fclt alkatr\u00e9szek egyed\u00fcl\u00e1ll\u00f3 lehet\u0151s\u00e9geket k\u00edn\u00e1lnak a tervez\u0151knek az \u00f6sszetett m\u0171szaki kih\u00edv\u00e1sok eleg\u00e1ns megold\u00e1s\u00e1ra. M\u00edg a klasszikus laprug\u00f3k m\u00e1r \u00e9vtizedek \u00f3ta bev\u00e1ltak, a modern \u00f6nt\u00f6tt rug\u00f3k a geometriai tervez\u00e9si szabads\u00e1g \u00e9s a funkcion\u00e1lis integr\u00e1ci\u00f3 teljesen \u00faj dimenzi\u00f3it nyitj\u00e1k meg.<\/p>\n<div id=\"ez-toc-container\" class=\"ez-toc-v2_0_82_2 counter-hierarchy ez-toc-counter ez-toc-grey ez-toc-container-direction\">\n<div class=\"ez-toc-title-container\">\n<p class=\"ez-toc-title\" style=\"cursor:inherit\">Table of Contents<\/p>\n<span class=\"ez-toc-title-toggle\"><\/span><\/div>\n<nav><ul class='ez-toc-list ez-toc-list-level-1 ' ><li class='ez-toc-page-1 ez-toc-heading-level-2'><a class=\"ez-toc-link ez-toc-heading-1\" href=\"https:\/\/info.formfedern.com\/hu\/mi-az-a-laprugo-es-a-formazott-rugo\/#Alapelvek_es_mukodesi_elv\" >Alapelvek \u00e9s m\u0171k\u00f6d\u00e9si elv<\/a><\/li><li class='ez-toc-page-1 ez-toc-heading-level-2'><a class=\"ez-toc-link ez-toc-heading-2\" href=\"https:\/\/info.formfedern.com\/hu\/mi-az-a-laprugo-es-a-formazott-rugo\/#Konstruktiv_lehetosegek_es_tervezesi_szabadsag\" >Konstrukt\u00edv lehet\u0151s\u00e9gek \u00e9s tervez\u00e9si szabads\u00e1g<\/a><\/li><li class='ez-toc-page-1 ez-toc-heading-level-2'><a class=\"ez-toc-link ez-toc-heading-3\" href=\"https:\/\/info.formfedern.com\/hu\/mi-az-a-laprugo-es-a-formazott-rugo\/#Szamitasi_megkozelitesek_es_tervezes\" >Sz\u00e1m\u00edt\u00e1si megk\u00f6zel\u00edt\u00e9sek \u00e9s tervez\u00e9s<\/a><\/li><li class='ez-toc-page-1 ez-toc-heading-level-2'><a class=\"ez-toc-link ez-toc-heading-4\" href=\"https:\/\/info.formfedern.com\/hu\/mi-az-a-laprugo-es-a-formazott-rugo\/#Gyartasi_technologiak_es_minosegbiztositas\" >Gy\u00e1rt\u00e1si technol\u00f3gi\u00e1k \u00e9s min\u0151s\u00e9gbiztos\u00edt\u00e1s<\/a><\/li><li class='ez-toc-page-1 ez-toc-heading-level-2'><a class=\"ez-toc-link ez-toc-heading-5\" href=\"https:\/\/info.formfedern.com\/hu\/mi-az-a-laprugo-es-a-formazott-rugo\/#A_gyakorlati_alkalmazasok_sokfelesege\" >A gyakorlati alkalmaz\u00e1sok sokf\u00e9les\u00e9ge<\/a><\/li><li class='ez-toc-page-1 ez-toc-heading-level-2'><a class=\"ez-toc-link ez-toc-heading-6\" href=\"https:\/\/info.formfedern.com\/hu\/mi-az-a-laprugo-es-a-formazott-rugo\/#Fejlesztesi_tendenciak_es_jovobeli_kilatasok\" >Fejleszt\u00e9si tendenci\u00e1k \u00e9s j\u00f6v\u0151beli kil\u00e1t\u00e1sok<\/a><\/li><li class='ez-toc-page-1 ez-toc-heading-level-2'><a class=\"ez-toc-link ez-toc-heading-7\" href=\"https:\/\/info.formfedern.com\/hu\/mi-az-a-laprugo-es-a-formazott-rugo\/#Az_optimalis_megoldasok\" >Az optim\u00e1lis megold\u00e1sok<\/a><\/li><li class='ez-toc-page-1 ez-toc-heading-level-2'><a class=\"ez-toc-link ez-toc-heading-8\" href=\"https:\/\/info.formfedern.com\/hu\/mi-az-a-laprugo-es-a-formazott-rugo\/#Hasznalja_ki_az_uj_Formfedern_uzlet_elonyeit\" >Haszn\u00e1lja ki az \u00faj Formfedern \u00fczlet el\u0151nyeit<\/a><\/li><\/ul><\/nav><\/div>\n<h2><span class=\"ez-toc-section\" id=\"Alapelvek_es_mukodesi_elv\"><\/span>Alapelvek \u00e9s m\u0171k\u00f6d\u00e9si elv<span class=\"ez-toc-section-end\"><\/span><\/h2>\n<p>A laprug\u00f3kat \u00e9s az \u00f6nt\u00f6tt rug\u00f3kat rug\u00f3ac\u00e9l szalagb\u00f3l vagy rug\u00f3lemezb\u0151l gy\u00e1rtj\u00e1k. K\u00fcl\u00f6nb\u00f6z\u0151 <a href=\"https:\/\/info.formfedern.com\/hu\/a-gyartasi-technikak-rugokat-lapos-rugokat-es-levelrugokat-alkotnak\/\" target=\"_blank\" rel=\"noopener\">gy\u00e1rt\u00e1si elj\u00e1r\u00e1sokat<\/a> alkalmaznak, mint p\u00e9ld\u00e1ul l\u00e9zerv\u00e1g\u00e1s, lyukaszt\u00e1s, huzalos er\u00f3zi\u00f3, CNC lyukaszt\u00f3- \u00e9s hajl\u00edt\u00f3k\u00f6zpontok, valamint a legk\u00fcl\u00f6nb\u00f6z\u0151bb form\u00e1z\u00e1si elj\u00e1r\u00e1sok. A laprug\u00f3k \u00e9s az \u00f6nt\u00f6tt rug\u00f3k alapelve a rug\u00f3ac\u00e9l rugalmas deform\u00e1ci\u00f3j\u00e1n alapul, amelynek sor\u00e1n a terhel\u00e9s hat\u00e1s\u00e1ra energia veszik fel, majd a terhel\u00e9s megsz\u00fcntet\u00e9sekor ism\u00e9t felszabadul.<\/p>\n<p>A klasszikus laprug\u00f3k \u00e9s a modern form\u00e1zott rug\u00f3k k\u00f6z\u00f6tti legfontosabb k\u00fcl\u00f6nbs\u00e9g a geometriai \u00f6sszetetts\u00e9g\u00fckben rejlik. M\u00edg a hagyom\u00e1nyos laprug\u00f3k \u00e1ltal\u00e1ban egyszer\u0171, t\u00e9glalap alak\u00fa geometri\u00e1val rendelkeznek, az \u00f6nt\u00f6tt rug\u00f3k szinte b\u00e1rmilyen kont\u00far \u00e9s h\u00e1romdimenzi\u00f3s strukt\u00fara megval\u00f3s\u00edt\u00e1s\u00e1ra k\u00e9pesek. Ez a tervez\u00e9si szabads\u00e1g lehet\u0151v\u00e9 teszi, hogy egyetlen alkatr\u00e9szben t\u00f6bb funkci\u00f3t kombin\u00e1ljanak, mik\u00f6zben optim\u00e1lisan kihaszn\u00e1lj\u00e1k a rendelkez\u00e9sre \u00e1ll\u00f3 be\u00e9p\u00edt\u00e9si helyet.<\/p>\n<h2><span class=\"ez-toc-section\" id=\"Konstruktiv_lehetosegek_es_tervezesi_szabadsag\"><\/span>Konstrukt\u00edv lehet\u0151s\u00e9gek \u00e9s tervez\u00e9si szabads\u00e1g<span class=\"ez-toc-section-end\"><\/span><\/h2>\n<p>A laprug\u00f3k \u00e9s a form\u00e1zott rug\u00f3k kialak\u00edt\u00e1sa kiv\u00e9teles v\u00e1ltozatoss\u00e1got k\u00edn\u00e1l. Nemcsak a k\u00edv\u00e1nt rug\u00f3tulajdons\u00e1gok hat\u00e1rozhat\u00f3k meg c\u00e9lzott alak\u00edt\u00e1ssal, hanem tov\u00e1bbi funkci\u00f3k is integr\u00e1lhat\u00f3k. P\u00e9ld\u00e1ul egy laprug\u00f3 vagy form\u00e1zott rug\u00f3 \u00fagy alak\u00edthat\u00f3 ki, hogy egyszerre szolg\u00e1ljon er\u0151k\u00e9nt, vezet\u0151k\u00e9nt, r\u00f6gz\u00edt\u0151elemk\u00e9nt \u00e9s elektromos \u00e9rintkez\u0151k\u00e9nt. Az integr\u00e1lt r\u00f6gz\u00edt\u0151f\u00fclek, \u00fctk\u00f6z\u0151k, \u00e9rintkez\u0151fel\u00fcletek vagy vezet\u0151elemek a laprug\u00f3t \u00e9s az \u00f6nt\u00f6tt rug\u00f3t sokoldal\u00fav\u00e1 teszik, \u00e9s jelent\u0151sen leegyszer\u0171s\u00edtik a tervez\u00e9st \u00e9s a szerel\u00e9st. Ez a tervez\u00e9si szabads\u00e1g teszi az alakrug\u00f3t \u00e9s a laprug\u00f3t ide\u00e1lis alkatr\u00e9ssz\u00e9 a t\u00f6bbfunkci\u00f3s \u00e9s optimaliz\u00e1lt konstrukci\u00f3khoz.<\/p>\n<h2><span class=\"ez-toc-section\" id=\"Szamitasi_megkozelitesek_es_tervezes\"><\/span>Sz\u00e1m\u00edt\u00e1si megk\u00f6zel\u00edt\u00e9sek \u00e9s tervez\u00e9s<span class=\"ez-toc-section-end\"><\/span><\/h2>\n<p><a href=\"https:\/\/info.formfedern.com\/flachformfeder-berechnung\/\"><img loading=\"lazy\" decoding=\"async\" class=\"alignright wp-image-2028\" src=\"https:\/\/info.formfedern.com\/wp-content\/uploads\/Flachformfeder_Berechnung-300x156.jpg\" alt=\"Lapos \u00f6nt\u00f6tt rug\u00f3 Sz\u00e1m\u00edt\u00e1s\" width=\"400\" height=\"208\" data-wp-pid=\"2028\" srcset=\"https:\/\/info.formfedern.com\/wp-content\/uploads\/Flachformfeder_Berechnung-300x156.jpg 300w, https:\/\/info.formfedern.com\/wp-content\/uploads\/Flachformfeder_Berechnung.jpg 600w, https:\/\/info.formfedern.com\/wp-content\/uploads\/Flachformfeder_Berechnung-385x200.jpg 385w, https:\/\/info.formfedern.com\/wp-content\/uploads\/Flachformfeder_Berechnung-200x104.jpg 200w\" sizes=\"auto, (max-width: 400px) 100vw, 400px\" \/><\/a>Az optim\u00e1lis laprug\u00f3 vagy form\u00e1zott rug\u00f3 megtervez\u00e9se sok\u00e9ves, megalapozott gyakorlati tapasztalatot ig\u00e9nyel. K\u00fcl\u00f6n\u00f6sen a formarug\u00f3k egyedi \u00e9s \u00f6sszetett alakja eset\u00e9n a <a href=\"https:\/\/info.formfedern.com\/flachformfeder-berechnung\/\" target=\"_blank\" rel=\"noopener\">hajl\u00edt\u00e1si sugarak \u00e9s hajl\u00edt\u00f3fesz\u00fclts\u00e9gek kisz\u00e1m\u00edt\u00e1s\u00e1val<\/a> t\u00f6rt\u00e9n\u0151 szabv\u00e1nyos\u00edtott tervez\u00e9s csak korl\u00e1tozottan lehets\u00e9ges. A formarug\u00f3k tervez\u00e9se ez\u00e9rt iterat\u00edv m\u00f3don, a szil\u00e1rds\u00e1g \u00e9s a funkci\u00f3 bizony\u00edt\u00e1s\u00e1val t\u00f6rt\u00e9nik, gyakran v\u00e9geselemes elemanal\u00edziseket tartalmaz\u00f3 CAE-szoftverek seg\u00edts\u00e9g\u00e9vel. Ez\u00e9rt a Gutekunst Formfedern a k\u00e9s\u0151bbi tervez\u00e9sekhez \u00e9s sz\u00e1m\u00edt\u00e1sokhoz a tervez\u00e9s szempontj\u00e1b\u00f3l fontos inform\u00e1ci\u00f3kat minden egyes gy\u00e1rt\u00e1si sorozatn\u00e1l r\u00e9szletesen dokument\u00e1lja.<\/p>\n<p>A sarkok \u00e9s \u00e1tmenetek fesz\u00fclts\u00e9gkoncentr\u00e1ci\u00f3ja a tervez\u00e9si f\u00e1zisban k\u00fcl\u00f6n\u00f6s figyelmet \u00e9rdemel. Ezek a kritikus ter\u00fcletek gyakran meghat\u00e1rozz\u00e1k a teljes f\u00e9mrug\u00f3 \u00e9lettartam\u00e1t. Az optimaliz\u00e1lt hajl\u00edt\u00e1si sugarakkal \u00e9s \u00e1tmenetekkel, valamint a laprug\u00f3ra \u00e9s az alakrug\u00f3ra t\u00f6rt\u00e9n\u0151 j\u00f3l \u00e1tgondolt er\u0151\u00e1tvitellel a vesz\u00e9lyes fesz\u00fclts\u00e9gkoncentr\u00e1ci\u00f3k megel\u0151zhet\u0151k.<\/p>\n<p>Az adott alkalmaz\u00e1shoz megfelel\u0151 <a href=\"https:\/\/info.formfedern.com\/hu\/rugozott-acellemezek-es-felueletkezelesek-alkalmazasa\/\" target=\"_blank\" rel=\"noopener\">anyagv\u00e1laszt\u00e1s<\/a> d\u00f6nt\u0151 szerepet j\u00e1tszik. Legyen sz\u00f3 magas vagy alacsony h\u0151m\u00e9rs\u00e9kletr\u0151l, korroz\u00edv vagy agressz\u00edv k\u00f6rnyezeti k\u00f6zegr\u0151l, \u00e9lelmiszer-biztons\u00e1gos, orvosi tisztas\u00e1g\u00fa vagy elektromosan vezet\u0151 alkalmaz\u00e1sokr\u00f3l. L\u00e9teznek olyan kiv\u00e1l\u00f3 min\u0151s\u00e9g\u0171 rug\u00f3ac\u00e9lfajt\u00e1k \u00e9s ut\u00f3lagos fel\u00fcletkezel\u00e9sek, amelyek az adott alkalmaz\u00e1shoz nagy megb\u00edzhat\u00f3s\u00e1got biztos\u00edtanak.<\/p>\n<h2><span class=\"ez-toc-section\" id=\"Gyartasi_technologiak_es_minosegbiztositas\"><\/span>Gy\u00e1rt\u00e1si technol\u00f3gi\u00e1k \u00e9s min\u0151s\u00e9gbiztos\u00edt\u00e1s<span class=\"ez-toc-section-end\"><\/span><\/h2>\n<p><img loading=\"lazy\" decoding=\"async\" class=\"wp-image-906 alignright\" src=\"https:\/\/info.formfedern.com\/wp-content\/uploads\/\/Laserschneiden_Edelstahl_Trumpf-300x169.jpg\" alt=\"Laserschneiden\" width=\"401\" height=\"225\" data-wp-pid=\"906\" srcset=\"https:\/\/info.formfedern.com\/wp-content\/uploads\/Laserschneiden_Edelstahl_Trumpf-300x169.jpg 300w, https:\/\/info.formfedern.com\/wp-content\/uploads\/Laserschneiden_Edelstahl_Trumpf-200x112.jpg 200w, https:\/\/info.formfedern.com\/wp-content\/uploads\/Laserschneiden_Edelstahl_Trumpf.jpg 600w, https:\/\/info.formfedern.com\/wp-content\/uploads\/Laserschneiden_Edelstahl_Trumpf-356x200.jpg 356w\" sizes=\"auto, (max-width: 401px) 100vw, 401px\" \/>A modern gy\u00e1rt\u00e1si technol\u00f3gi\u00e1k lehet\u0151v\u00e9 teszik a laprug\u00f3k \u00e9s a form\u00e1zott rug\u00f3k prec\u00edz gy\u00e1rt\u00e1s\u00e1t. A k\u00f6vetelm\u00e9nyekt\u0151l, a form\u00e1t\u00f3l \u00e9s a darabsz\u00e1mt\u00f3l f\u00fcgg\u0151en a nagy sz\u00e9ri\u00e1k eset\u00e9ben a k\u00e9sz stancol\u00e1s \u00e9s hajl\u00edt\u00e1s, a kis \u00e9s k\u00f6zepes sz\u00e9ri\u00e1k eset\u00e9ben pedig a k\u00fcl\u00f6n v\u00e1g\u00e1si \u00e9s hajl\u00edt\u00e1si elj\u00e1r\u00e1s ker\u00fcl alkalmaz\u00e1sra. A klasszikus l\u00e9zerv\u00e1g\u00e1s mellett a vastagabb anyagokn\u00e1l v\u00edzsugaras v\u00e1g\u00e1st, a v\u00e9kony \u00e9s k\u00e9nyes alkatr\u00e9szekn\u00e9l pedig dr\u00f3ter\u00f3zi\u00f3t is alkalmaznak. A CNC-vez\u00e9relt hajl\u00edt\u00f3k\u00f6zpontokat \u00e9s automata hajl\u00edt\u00f3g\u00e9peket, valamint egyedi hajl\u00edt\u00f3- \u00e9s form\u00e1z\u00f3szersz\u00e1mokat haszn\u00e1lnak az ut\u00f3lagos alak\u00edt\u00e1shoz. A form\u00e1zott rug\u00f3k kialak\u00edt\u00e1s\u00e1nak nincsenek korl\u00e1tai.<\/p>\n<p>A v\u00e9gs\u0151 fel\u00fcletkezel\u00e9sek, mint p\u00e9ld\u00e1ul a vibr\u00e1ci\u00f3s csiszol\u00e1s, a hord\u00f3kezel\u00e9s, a foszf\u00e1toz\u00e1s, a pol\u00edroz\u00e1s, a horganyz\u00e1s, a fest\u00e9s \u00e9s m\u00e9g sok m\u00e1s, valamint p\u00e9ld\u00e1ul a menetes csavarok bepr\u00e9sel\u00e9se vagy a k\u00f6zvetlen be\u00e9p\u00edt\u00e9s a biztos\u00edtott szerelv\u00e9nyekbe. A szabv\u00e1nyos rug\u00f3s szalagac\u00e9lok \u00e9s rug\u00f3ac\u00e9llemezek mellett sz\u00e1mos rozsdamentes ac\u00e9l, sz\u00ednesf\u00e9m \u00e9s sz\u00ednesf\u00e9m k\u00edn\u00e1lunk szalag vagy lemez form\u00e1j\u00e1ban laprug\u00f3k \u00e9s form\u00e1zott rug\u00f3k gy\u00e1rt\u00e1s\u00e1hoz.<\/p>\n<h2><span class=\"ez-toc-section\" id=\"A_gyakorlati_alkalmazasok_sokfelesege\"><\/span>A gyakorlati alkalmaz\u00e1sok sokf\u00e9les\u00e9ge<span class=\"ez-toc-section-end\"><\/span><\/h2>\n<p>A lapos anyagb\u00f3l k\u00e9sz\u00fclt laprug\u00f3k \u00e9s form\u00e1zott rug\u00f3k az ipar szinte minden ter\u00fclet\u00e9n megtal\u00e1lhat\u00f3k. Az aut\u00f3iparban elektronikus rendszerekben \u00e9rintkez\u00e9si rug\u00f3k\u00e9nt, r\u00f6gz\u00edt\u0151 rug\u00f3k\u00e9nt r\u00f6gz\u00edt\u0151elemekhez, m\u00e9r\u0151rendszerekben \u00e9rz\u00e9kel\u0151elemk\u00e9nt vagy kapcsol\u00f3szerkezetekben \u00f6sszetett m\u0171k\u00f6dtet\u0151 rug\u00f3k\u00e9nt haszn\u00e1lj\u00e1k \u0151ket. Kompakt kialak\u00edt\u00e1suknak k\u00f6sz\u00f6nhet\u0151en ide\u00e1lisak a modern, kompakt alkalmaz\u00e1sokhoz a j\u00e1rm\u0171gy\u00e1rt\u00e1sban.<\/p>\n<p>Az elektrotechnika a pontos elektromos tulajdons\u00e1gokat haszn\u00e1lja ki az \u00e9rintkez\u00e9si alkalmaz\u00e1sokhoz. A meghat\u00e1rozott \u00e9rintkez\u00e9si er\u0151k \u00e9s az optimaliz\u00e1lt \u00e1ramvezet\u00e9s itt alapvet\u0151 fontoss\u00e1g\u00faak. Az \u00f6nt\u00f6tt rug\u00f3k egyszerre k\u00e9pesek mechanikai \u00e9s elektromos funkci\u00f3kat ell\u00e1tni. A speci\u00e1lis <a href=\"https:\/\/info.formfedern.com\/oberflaechenbehandlung-metall\/\" target=\"_blank\" rel=\"noopener\">fel\u00fcleti bevonatok<\/a> m\u00e9g neh\u00e9z k\u00f6rnyezeti k\u00f6r\u00fclm\u00e9nyek k\u00f6z\u00f6tt is hossz\u00fa t\u00e1von stabil elektromos tulajdons\u00e1gokat biztos\u00edtanak.<\/p>\n<p>A g\u00e9pgy\u00e1rt\u00e1sban a laprug\u00f3k \u00e9s az \u00f6nt\u00f6tt rug\u00f3k innovat\u00edv megold\u00e1sokat tesznek lehet\u0151v\u00e9 a kezel\u00e9stechnika \u00e9s az automatiz\u00e1l\u00e1s ter\u00fclet\u00e9n. Precizit\u00e1suknak k\u00f6sz\u00f6nhet\u0151en ide\u00e1lis alkatr\u00e9szek m\u00e9r\u00e9si \u00e9s adagol\u00e1si alkalmaz\u00e1sokhoz, ahol reproduk\u00e1lhat\u00f3 rug\u00f3jellemz\u0151kre van sz\u00fcks\u00e9g. A modern \u00f6nt\u00f6tt rug\u00f3k funkcion\u00e1lis integr\u00e1ci\u00f3j\u00e1nak el\u0151nyeit a komplex megfog\u00f3 mechanizmusok vagy pozicion\u00e1l\u00f3 rendszerek \u00e9lvezik.<\/p>\n<p>Az orvostechnika k\u00fcl\u00f6nleges k\u00f6vetelm\u00e9nyeket t\u00e1maszt a biokompatibilit\u00e1ssal \u00e9s a pontoss\u00e1ggal szemben. A rozsdamentes ac\u00e9lb\u00f3l k\u00e9sz\u00fclt \u00f6nt\u00f6tt rug\u00f3k lehet\u0151v\u00e9 teszik az orvostechnikai eszk\u00f6z\u00f6k legk\u00e9nyesebb mechanizmusait. A komplex funkci\u00f3k megval\u00f3s\u00edt\u00e1s\u00e1nak k\u00e9pess\u00e9ge a legkisebb be\u00e9p\u00edt\u00e9si helyen is felbecs\u00fclhetetlen \u00e9rt\u00e9ket k\u00e9pvisel.<\/p>\n<h2><span class=\"ez-toc-section\" id=\"Fejlesztesi_tendenciak_es_jovobeli_kilatasok\"><\/span>Fejleszt\u00e9si tendenci\u00e1k \u00e9s j\u00f6v\u0151beli kil\u00e1t\u00e1sok<span class=\"ez-toc-section-end\"><\/span><\/h2>\n<p><img loading=\"lazy\" decoding=\"async\" class=\"alignright wp-image-7756\" src=\"https:\/\/info.formfedern.com\/wp-content\/uploads\/\/Blattfedern_Gutekunst_1000_2-300x240.jpg\" alt=\"Listov\u00e9 pru\u017einy - Gutekunst Formfedern\" width=\"400\" height=\"320\" data-wp-pid=\"7756\" srcset=\"https:\/\/info.formfedern.com\/wp-content\/uploads\/Blattfedern_Gutekunst_1000_2-300x240.jpg 300w, https:\/\/info.formfedern.com\/wp-content\/uploads\/Blattfedern_Gutekunst_1000_2-768x614.jpg 768w, https:\/\/info.formfedern.com\/wp-content\/uploads\/Blattfedern_Gutekunst_1000_2-600x480.jpg 600w, https:\/\/info.formfedern.com\/wp-content\/uploads\/Blattfedern_Gutekunst_1000_2-150x120.jpg 150w, https:\/\/info.formfedern.com\/wp-content\/uploads\/Blattfedern_Gutekunst_1000_2-250x200.jpg 250w, https:\/\/info.formfedern.com\/wp-content\/uploads\/Blattfedern_Gutekunst_1000_2-800x640.jpg 800w, https:\/\/info.formfedern.com\/wp-content\/uploads\/Blattfedern_Gutekunst_1000_2-200x160.jpg 200w, https:\/\/info.formfedern.com\/wp-content\/uploads\/Blattfedern_Gutekunst_1000_2.jpg 1000w\" sizes=\"auto, (max-width: 400px) 100vw, 400px\" \/>A laprug\u00f3k \u00e9s az \u00f6nt\u00f6tt rug\u00f3k fejleszt\u00e9se a miniat\u00fcriz\u00e1l\u00e1s \u00e9s a funkcion\u00e1lis integr\u00e1ci\u00f3 fel\u00e9 halad. A modern CAD-rendszerek \u00e9s szimul\u00e1ci\u00f3s szoftverek lehet\u0151v\u00e9 teszik az optim\u00e1lis megold\u00e1sok megtal\u00e1l\u00e1s\u00e1t m\u00e1r a fejleszt\u00e9si f\u00e1zisban. Az \u00faj rug\u00f3anyagok \u00e9s fel\u00fcletkezel\u00e9sek tov\u00e1bbi lehet\u0151s\u00e9geket nyitnak meg. A nagyszil\u00e1rds\u00e1g\u00fa rug\u00f3ac\u00e9lok m\u00e9g kompaktabb kialak\u00edt\u00e1st tesznek lehet\u0151v\u00e9, m\u00edg az \u00faj speci\u00e1lis \u00f6tv\u00f6zetek \u00e9s fel\u00fcleti bevonatok egyre jobb sz\u00e9ls\u0151s\u00e9ges k\u00f6rnyezeti felt\u00e9teleket \u00e9s funkcion\u00e1lis sokf\u00e9les\u00e9get tesznek lehet\u0151v\u00e9.<\/p>\n<h2><span class=\"ez-toc-section\" id=\"Az_optimalis_megoldasok\"><\/span>Az optim\u00e1lis megold\u00e1sok<span class=\"ez-toc-section-end\"><\/span><\/h2>\n<p>A laprug\u00f3- \u00e9s \u00f6ntv\u00e9nyrug\u00f3-konstrukci\u00f3k sikere d\u00f6nt\u0151en a tervez\u0151 \u00e9s a rug\u00f3specialista k\u00f6z\u00f6tti korai egy\u00fcttm\u0171k\u00f6d\u00e9st\u0151l f\u00fcgg. A gy\u00e1rt\u00e1stechnol\u00f3giai szempontokat \u00e9s az anyagtulajdons\u00e1gokat m\u00e1r a koncepci\u00f3 kialak\u00edt\u00e1sakor figyelembe kell venni. A tapasztalt rug\u00f3gy\u00e1rt\u00f3k szak\u00e9rtelme elengedhetetlen az optim\u00e1lis megold\u00e1s megval\u00f3s\u00edt\u00e1s\u00e1hoz. Minden sikeres fejleszt\u00e9s alapja a szisztematikus k\u00f6vetelm\u00e9nyelemz\u00e9s. Pontosan meg kell hat\u00e1rozni az er\u0151k g\u00f6rb\u00e9it, az \u00e9lettartamra vonatkoz\u00f3 k\u00f6vetelm\u00e9nyeket, a k\u00f6rnyezeti felt\u00e9teleket \u00e9s a be\u00e9p\u00edt\u00e9si helyzetet. Az \u00f6sszes funkci\u00f3 \u00e9s azok k\u00f6lcs\u00f6nhat\u00e1sainak pontos meghat\u00e1roz\u00e1sa k\u00fcl\u00f6n\u00f6sen fontos az \u00f6nt\u00f6tt rug\u00f3k eset\u00e9ben.<\/p>\n<p>A lapos anyagb\u00f3l k\u00e9sz\u00fclt laprug\u00f3k \u00e9s form\u00e1zott rug\u00f3k t\u00f6bb mint egyszer\u0171 rugalmas alkatr\u00e9szek &#8211; gyakran az innovat\u00edv term\u00e9kmegold\u00e1sok kulcsfontoss\u00e1g\u00fa elemei. A tervez\u00e9si szabads\u00e1g, a precizit\u00e1s \u00e9s a funkcion\u00e1lis integr\u00e1ci\u00f3 egyed\u00fcl\u00e1ll\u00f3 kombin\u00e1ci\u00f3ja teszi \u0151ket a modern formatervez\u00e9s n\u00e9lk\u00fcl\u00f6zhetetlen elemeiv\u00e9. Az anyagok, a gy\u00e1rt\u00e1si technol\u00f3gi\u00e1k \u00e9s a sz\u00e1m\u00edt\u00e1si m\u00f3dszerek folyamatos tov\u00e1bbfejleszt\u00e9se folyamatosan \u00faj alkalmaz\u00e1si lehet\u0151s\u00e9geket nyit meg.<\/p>\n<p><a href=\"https:\/\/info.formfedern.com\/hu\/flachfedern\/\" target=\"_blank\" rel=\"noopener noreferrer\">Alkalmaz\u00e1sspecifikus<\/a> laprug\u00f3kra, <a href=\"https:\/\/info.formfedern.com\/hu\/formazzon-rugokat-levelrugokat-es-lapos-rugokat\/\" target=\"_blank\" rel=\"noopener noreferrer\">\u00f6nt\u00f6tt rug\u00f3kra<\/a>, <a href=\"https:\/\/info.formfedern.com\/hu\/egyedi-erintkezo-rugok\/\" target=\"_blank\" rel=\"noopener noreferrer\">kontaktrug\u00f3kra<\/a>, <a href=\"https:\/\/info.formfedern.com\/hu\/rugos-kapcsokkal-rendelkezik\/\" target=\"_blank\" rel=\"noopener noreferrer\">rug\u00f3csipeszekre<\/a> vagy <a href=\"https:\/\/info.formfedern.com\/hu\/meretre-gyartott-fem-kapcsok\/\" target=\"_blank\" rel=\"noopener noreferrer\">f\u00e9mcsipeszekre<\/a> van sz\u00fcks\u00e9ge? Ezut\u00e1n k\u00fcldje el nek\u00fcnk a k\u00f6vetkez\u0151ket<a href=\"https:\/\/info.formfedern.com\/formfedern-anfrage\/\" target=\"_blank\" rel=\"noopener noreferrer\"> K\u00e9r\u00e9s gomb<\/a> a k\u00edv\u00e1nt m\u0171szaki rug\u00f3 adatai, bele\u00e9rtve a rajz vagy CAD adatokat, valamint a k\u00e9r\u00e9s mennyis\u00e9g\u00e9t.<a href=\"https:\/\/info.formfedern.com\/hu\/uedvoezoeljuek-a-gutekunst-formfedern-gmbh-nal\/\"> A gutekunst rug\u00f3kat alkot<\/a> egyedi f\u00e9mrug\u00f3kat fejleszt \u00e9s gy\u00e1rt mint\u00e1k, protot\u00edpusok form\u00e1j\u00e1ban, kis mennyis\u00e9gben \u00e9s nagy sorozatban. R\u00f6vid id\u0151n bel\u00fcl nem k\u00f6telez\u0151 \u00e9rv\u00e9ny\u0171 aj\u00e1nlatot tesz\u00fcnk \u00d6nnek. K\u00f6zvetlen\u00fcl kapcsolatba l\u00e9phet szak\u00e9rt\u0151inkkel is. A Gutekunst Formfedern m\u0171szaki oszt\u00e1ly\u00e1val a (+49) 07445 85160-as telefonsz\u00e1mon vagy a <a href=\"mailto:konstruktion@gutekunst-formfedern.de\" target=\"_blank\" rel=\"noopener\">konstruktion@gutekunst-formfedern.de<\/a> e-mail c\u00edmen veheti fel a kapcsolatot.<\/p>\n<p><a href=\"https:\/\/info.formfedern.com\/formfedern-anfrage\/\" target=\"_blank\" rel=\"noopener noreferrer\"><a class=\"maxbutton-8 maxbutton maxbutton-spring-request-en\" target=\"_blank\" rel=\"noopener\" href=\"\/en\/spring-request\/\"><span class='mb-text'>Spring request<\/span><\/a> <\/a><\/p>\n<p>&nbsp;<\/p>\n<h2><span class=\"ez-toc-section\" id=\"Hasznalja_ki_az_uj_Formfedern_uzlet_elonyeit\"><\/span>Haszn\u00e1lja ki az \u00faj Formfedern \u00fczlet el\u0151nyeit<span class=\"ez-toc-section-end\"><\/span><\/h2>\n<p>A Gutekunst Formfedern \u00faj szersz\u00e1mrug\u00f3-\u00fczlete sz\u00e1mos el\u0151nyt k\u00edn\u00e1l a szersz\u00e1mrug\u00f3k, laprug\u00f3k, l\u00e9zeres alkatr\u00e9szek \u00e9s lemezalkatr\u00e9szek beszerz\u00e9se sor\u00e1n. Egyszer\u0171 kezelhet\u0151s\u00e9g\u00e9nek, \u00e1tl\u00e1that\u00f3 online \u00e1rkalkul\u00e1ci\u00f3j\u00e1nak \u00e9s gyors digit\u00e1lis feldolgoz\u00e1s\u00e1nak k\u00f6sz\u00f6nhet\u0151en val\u00f3di seg\u00edts\u00e9get jelent a tervez\u0151k, a technikusok \u00e9s a beszerz\u0151k sz\u00e1m\u00e1ra. V\u00e9g\u00fcl a testreszabott f\u00e9m \u00f6ntv\u00e9nyalkatr\u00e9szek konfigur\u00e1l\u00e1sa, \u00e1rkalkul\u00e1ci\u00f3ja, lek\u00e9rdez\u00e9se \u00e9s megrendel\u00e9se egyszer\u0171 \u00e9s id\u0151takar\u00e9kos m\u00f3don &#8211; \u00e9jjel-nappal \u00e9s maxim\u00e1lis \u00e1tl\u00e1that\u00f3s\u00e1ggal &#8211; t\u00f6rt\u00e9nhet.<\/p>\n<p>Pr\u00f3b\u00e1ld ki magad a <a href=\"https:\/\/shop.formfedern.com\">https:\/\/shop.formfedern.com<\/a> oldalon.<\/p>\n<a class=\"maxbutton-23 maxbutton maxbutton-form-springs-shop\" target=\"_blank\" title=\"Form Springs Shop\" rel=\"noopener\" href=\"https:\/\/shop.formfedern.com\/en\/\"><span class='mb-text'>Form Springs Shop<\/span><\/a>\n<p>&nbsp;<\/p>\n<p><em>Tov\u00e1bbi inform\u00e1ci\u00f3:<\/em><\/p>\n<ul>\n<li><a href=\"https:\/\/info.formfedern.com\/hu\/formazzon-rugokat-levelrugokat-es-lapos-rugokat\/\" target=\"_blank\" rel=\"noopener noreferrer\">Form\u00e1zzon rug\u00f3kat, lev\u00e9lrug\u00f3kat \u00e9s lapos rug\u00f3kat<\/a><\/li>\n<\/ul>\n<ul>\n<li><a href=\"https:\/\/info.formfedern.com\/hu\/muszaki-rugok-az-elelmiszeripar-szamara\/\" target=\"_blank\" rel=\"noopener noreferrer\">M\u0171szaki rug\u00f3k az \u00e9lelmiszeripar sz\u00e1m\u00e1ra<\/a><\/li>\n<\/ul>\n<ul>\n<li><a href=\"https:\/\/info.formfedern.com\/hu\/a-korrozio-leggyakoribb-tipusai\/\" target=\"_blank\" rel=\"noopener noreferrer\">A korr\u00f3zi\u00f3 leggyakoribb t\u00edpusai<\/a><\/li>\n<\/ul>\n<ul>\n<li><a href=\"https:\/\/info.formfedern.com\/hu\/egyedi-erintkezo-rugok\/\" target=\"_blank\" rel=\"noopener noreferrer\">Egyedi \u00e9rintkez\u0151 rug\u00f3k<\/a><\/li>\n<\/ul>\n<ul>\n<li><a href=\"https:\/\/info.formfedern.com\/hu\/lezerezes-lyukasztas-formazas-es-oesszeszereles\/\" target=\"_blank\" rel=\"noopener noreferrer\">L\u00e9zerez\u00e9s, lyukaszt\u00e1s, form\u00e1z\u00e1s \u00e9s \u00f6sszeszerel\u00e9s<\/a><\/li>\n<\/ul>\n<ul>\n<li><a href=\"https:\/\/info.formfedern.com\/verwendung-federstahl-und-oberflaechenbehandlung\/\" target=\"_blank\" rel=\"noopener noreferrer\">Rug\u00f3s ac\u00e9lok haszn\u00e1lata \u00e9s fel\u00fcletkezel\u00e9sek<\/a><\/li>\n<\/ul>\n<ul>\n<li><a href=\"https:\/\/info.formfedern.com\/hu\/belyegzesi-es-formazasi-technologia\/\" target=\"_blank\" rel=\"noopener noreferrer\">B\u00e9lyegz\u00e9si \u00e9s form\u00e1z\u00e1si technol\u00f3gia<\/a><\/li>\n<\/ul>","protected":false},"excerpt":{"rendered":"<p>A laprug\u00f3k \u00e9s a lapos anyagb\u00f3l k\u00e9sz\u00fclt form\u00e1zott rug\u00f3k egyre fontosabb szerepet j\u00e1tszanak az \u00e9p\u00edt\u00e9si technol\u00f3gi\u00e1ban. Ezek a rug\u00f3ac\u00e9l szalagb\u00f3l vagy rug\u00f3lemezb\u0151l k\u00e9sz\u00fclt alkatr\u00e9szek egyed\u00fcl\u00e1ll\u00f3 lehet\u0151s\u00e9geket k\u00edn\u00e1lnak a tervez\u0151knek az \u00f6sszetett m\u0171szaki kih\u00edv\u00e1sok eleg\u00e1ns megold\u00e1s\u00e1ra. M\u00edg a klasszikus laprug\u00f3k m\u00e1r<\/p>\n","protected":false},"author":5,"featured_media":6520,"comment_status":"closed","ping_status":"open","sticky":false,"template":"","format":"standard","meta":{"footnotes":""},"categories":[812,811,802],"tags":[],"class_list":["post-12181","post","type-post","status-publish","format-standard","has-post-thumbnail","hentry","category-forma-rugok","category-lapos-rugok","category-termekek"],"_links":{"self":[{"href":"https:\/\/info.formfedern.com\/hu\/wp-json\/wp\/v2\/posts\/12181","targetHints":{"allow":["GET"]}}],"collection":[{"href":"https:\/\/info.formfedern.com\/hu\/wp-json\/wp\/v2\/posts"}],"about":[{"href":"https:\/\/info.formfedern.com\/hu\/wp-json\/wp\/v2\/types\/post"}],"author":[{"embeddable":true,"href":"https:\/\/info.formfedern.com\/hu\/wp-json\/wp\/v2\/users\/5"}],"replies":[{"embeddable":true,"href":"https:\/\/info.formfedern.com\/hu\/wp-json\/wp\/v2\/comments?post=12181"}],"version-history":[{"count":1,"href":"https:\/\/info.formfedern.com\/hu\/wp-json\/wp\/v2\/posts\/12181\/revisions"}],"predecessor-version":[{"id":12195,"href":"https:\/\/info.formfedern.com\/hu\/wp-json\/wp\/v2\/posts\/12181\/revisions\/12195"}],"wp:featuredmedia":[{"embeddable":true,"href":"https:\/\/info.formfedern.com\/hu\/wp-json\/wp\/v2\/media\/6520"}],"wp:attachment":[{"href":"https:\/\/info.formfedern.com\/hu\/wp-json\/wp\/v2\/media?parent=12181"}],"wp:term":[{"taxonomy":"category","embeddable":true,"href":"https:\/\/info.formfedern.com\/hu\/wp-json\/wp\/v2\/categories?post=12181"},{"taxonomy":"post_tag","embeddable":true,"href":"https:\/\/info.formfedern.com\/hu\/wp-json\/wp\/v2\/tags?post=12181"}],"curies":[{"name":"wp","href":"https:\/\/api.w.org\/{rel}","templated":true}]}}