{"id":9537,"date":"2022-01-31T16:13:58","date_gmt":"2022-01-31T14:13:58","guid":{"rendered":"https:\/\/info.formfedern.com\/arandelas-de-resorte-y-arandelas-de-apriete\/"},"modified":"2022-01-31T16:13:58","modified_gmt":"2022-01-31T14:13:58","slug":"arandelas-de-resorte-y-arandelas-de-apriete","status":"publish","type":"post","link":"https:\/\/info.formfedern.com\/es\/arandelas-de-resorte-y-arandelas-de-apriete\/","title":{"rendered":"Arandelas de resorte y arandelas de apriete"},"content":{"rendered":"<figure id=\"attachment_7338\" aria-describedby=\"caption-attachment-7338\" style=\"width: 300px\" class=\"wp-caption alignleft\"><img loading=\"lazy\" decoding=\"async\" class=\"wp-image-7338 size-medium\" src=\"https:\/\/info.formfedern.com\/wp-content\/uploads\/\/Federscheiben-300x242.jpg\" alt=\"Arandelas de resorte de Gutekunst Formfedern\" width=\"300\" height=\"242\" data-wp-pid=\"2253\" srcset=\"https:\/\/info.formfedern.com\/wp-content\/uploads\/Federscheiben-300x242.jpg 300w, https:\/\/info.formfedern.com\/wp-content\/uploads\/Federscheiben-768x619.jpg 768w, https:\/\/info.formfedern.com\/wp-content\/uploads\/Federscheiben-600x484.jpg 600w, https:\/\/info.formfedern.com\/wp-content\/uploads\/Federscheiben-200x161.jpg 200w, https:\/\/info.formfedern.com\/wp-content\/uploads\/Federscheiben.jpg 800w\" sizes=\"auto, (max-width: 300px) 100vw, 300px\" \/><figcaption id=\"caption-attachment-7338\" class=\"wp-caption-text\">Arandelas de muelle<\/figcaption><\/figure>\n<div id=\"ez-toc-container\" class=\"ez-toc-v2_0_82_2 counter-hierarchy ez-toc-counter ez-toc-grey ez-toc-container-direction\">\n<div class=\"ez-toc-title-container\">\n<p class=\"ez-toc-title\" style=\"cursor:inherit\">Table of Contents<\/p>\n<span class=\"ez-toc-title-toggle\"><\/span><\/div>\n<nav><ul class='ez-toc-list ez-toc-list-level-1 ' ><li class='ez-toc-page-1 ez-toc-heading-level-2'><a class=\"ez-toc-link ez-toc-heading-1\" href=\"https:\/\/info.formfedern.com\/es\/arandelas-de-resorte-y-arandelas-de-apriete\/#%C2%BFQue_son_las_arandelas_elasticas_y_las_arandelas_de_sujecion\" >\u00bfQu\u00e9 son las arandelas el\u00e1sticas y las arandelas de sujeci\u00f3n?<\/a><\/li><li class='ez-toc-page-1 ez-toc-heading-level-2'><a class=\"ez-toc-link ez-toc-heading-2\" href=\"https:\/\/info.formfedern.com\/es\/arandelas-de-resorte-y-arandelas-de-apriete\/#%C2%BFDonde_se_utilizan_las_arandelas_elasticas_y_las_arandelas_de_sujecion\" >\u00bfD\u00f3nde se utilizan las arandelas el\u00e1sticas y las arandelas de sujeci\u00f3n?<\/a><\/li><li class='ez-toc-page-1 ez-toc-heading-level-2'><a class=\"ez-toc-link ez-toc-heading-3\" href=\"https:\/\/info.formfedern.com\/es\/arandelas-de-resorte-y-arandelas-de-apriete\/#Fabricacion_individual\" >Fabricaci\u00f3n individual<\/a><\/li><\/ul><\/nav><\/div>\n<h2><span class=\"ez-toc-section\" id=\"%C2%BFQue_son_las_arandelas_elasticas_y_las_arandelas_de_sujecion\"><\/span>\u00bfQu\u00e9 son las arandelas el\u00e1sticas y las arandelas de sujeci\u00f3n?<span class=\"ez-toc-section-end\"><\/span><\/h2>\n<p>Las <a href=\"https:\/\/info.formfedern.com\/klemmfedern\/\">arandelas<\/a> el\u00e1sticas <a href=\"https:\/\/info.formfedern.com\/klemmfedern\/\">y las arandelas de<\/a> sujeci\u00f3n forman parte de los elementos de fijaci\u00f3n tanto como los <a href=\"https:\/\/blog.federnshop.com\/sprengringe\/\" target=\"_blank\" rel=\"noopener noreferrer\">anillos el\u00e1sticos<\/a>, <a href=\"https:\/\/www.federnshop.com\/de\/produkte\/federstecker_einfach.html\" target=\"_blank\" rel=\"noopener noreferrer\">las<\/a> chavetas, los <a href=\"https:\/\/www.federnshop.com\/de\/produkte\/sicherungsklammern.html?backfromdetail=true\" target=\"_blank\" rel=\"noopener noreferrer\">pasadores focales<\/a> o los <a href=\"https:\/\/info.formfedern.com\/flachfedern\/\">muelles planos<\/a>. Se pueden encontrar en muchas construcciones diferentes. Como elementos de gu\u00eda, las arandelas el\u00e1sticas y las arandelas de sujeci\u00f3n aseguran y limitan otras piezas de la m\u00e1quina contra el juego axial. Se utilizan para mantener las <a href=\"https:\/\/info.formfedern.com\/kraftschluessige-verbindung\/\">conexiones forzadas<\/a>. Dicha conexi\u00f3n por fricci\u00f3n requiere una fuerza normal sobre la superficie a conectar. El desplazamiento mutuo puede evitarse si no se supera la contrafuerza resultante del rozamiento est\u00e1tico.<\/p>\n<h2><span class=\"ez-toc-section\" id=\"%C2%BFDonde_se_utilizan_las_arandelas_elasticas_y_las_arandelas_de_sujecion\"><\/span>\u00bfD\u00f3nde se utilizan las arandelas el\u00e1sticas y las arandelas de sujeci\u00f3n?<span class=\"ez-toc-section-end\"><\/span><\/h2>\n<p>Los elementos de fijaci\u00f3n se subestiman a menudo debido a su tama\u00f1o y discreci\u00f3n, pero son indispensables y se utilizan en casi todas partes. Por ejemplo, las arandelas el\u00e1sticas aseguran los tornillos o tuercas para que no se aflojen. La arandela de apriete, por su parte, es popular para conectar y asegurar en ejes y cubos. Debido a su amplia gama de aplicaciones, las arandelas el\u00e1sticas y las arandelas de sujeci\u00f3n desempe\u00f1an un papel importante en muchos sectores industriales diferentes. Adem\u00e1s de en la industria del autom\u00f3vil, tambi\u00e9n se utilizan, por ejemplo, en la industria el\u00e9ctrica y en la construcci\u00f3n de instalaciones y maquinaria.<\/p>\n<figure id=\"attachment_6776\" aria-describedby=\"caption-attachment-6776\" style=\"width: 300px\" class=\"wp-caption alignright\"><img loading=\"lazy\" decoding=\"async\" class=\"wp-image-6776 size-medium\" src=\"https:\/\/info.formfedern.com\/wp-content\/uploads\/\/Federscheibe-300x300.jpg\" alt=\"Arandelas de apriete y arandela el\u00e1stica\" width=\"300\" height=\"300\" data-wp-pid=\"2242\" srcset=\"https:\/\/info.formfedern.com\/wp-content\/uploads\/Federscheibe-300x300.jpg 300w, https:\/\/info.formfedern.com\/wp-content\/uploads\/Federscheibe-150x150.jpg 150w, https:\/\/info.formfedern.com\/wp-content\/uploads\/Federscheibe.jpg 600w, https:\/\/info.formfedern.com\/wp-content\/uploads\/Federscheibe-180x180.jpg 180w, https:\/\/info.formfedern.com\/wp-content\/uploads\/Federscheibe-270x270.jpg 270w, https:\/\/info.formfedern.com\/wp-content\/uploads\/Federscheibe-230x230.jpg 230w, https:\/\/info.formfedern.com\/wp-content\/uploads\/Federscheibe-200x200.jpg 200w\" sizes=\"auto, (max-width: 300px) 100vw, 300px\" \/><figcaption id=\"caption-attachment-6776\" class=\"wp-caption-text\">Arandelas de apriete y arandela el\u00e1stica<\/figcaption><\/figure>\n<p>Las fuerzas de resorte de las arandelas el\u00e1sticas y las arandelas de sujeci\u00f3n dependen de diferentes factores. Adem\u00e1s de las propiedades estructurales -por ejemplo, la altura, el grosor del material y la forma-, las propiedades del material, es decir, el <a href=\"https:\/\/info.formfedern.com\/federstahlbleche-eigenschaften\/\">acero para muelles o la chapa<\/a>, tambi\u00e9n desempe\u00f1an un papel importante en las propiedades de fuerza. Las tolerancias de carga aumentan con la altura. El <a href=\"https:\/\/info.formfedern.com\/federbandstahl-c75-und-1-4310\/\">acero normal para muelles<\/a>, por ejemplo, ofrece un mayor grado de dureza en comparaci\u00f3n con <a href=\"https:\/\/info.formfedern.com\/federbandstahl-c75-und-1-4310\/\">el acero inoxidable<\/a>. Aqu\u00ed encontrar\u00e1 un resumen de las <a href=\"https:\/\/info.formfedern.com\/federstahlbleche-eigenschaften\/\">chapas de acero para muelles<\/a> y los <a href=\"https:\/\/info.formfedern.com\/oberflaechenveredelung\/\">tratamientos superficiales<\/a> m\u00e1s comunes.<\/p>\n<p><span style=\"text-decoration: underline;\">Dise\u00f1os comunes de arandelas de presi\u00f3n:<\/span><\/p>\n<ul>\n<li>Arandelas el\u00e1sticas curvadas<\/li>\n<li>Arandelas el\u00e1sticas onduladas<\/li>\n<li>Arandelas de resorte de dedo<\/li>\n<\/ul>\n<h2><span class=\"ez-toc-section\" id=\"Fabricacion_individual\"><\/span>Fabricaci\u00f3n individual<span class=\"ez-toc-section-end\"><\/span><\/h2>\n<p>Gutekunst Formfedern GmbH fabrica arandelas de <a href=\"https:\/\/info.formfedern.com\/federstahlbleche-eigenschaften\/\">muelle<\/a> y arandelas de sujeci\u00f3n individualmente seg\u00fan sus dibujos y requisitos especiales a partir de cualquier <a href=\"https:\/\/info.formfedern.com\/federstahlbleche-eigenschaften\/\">chapa de acero para muelles<\/a> deseada con <a href=\"https:\/\/info.formfedern.com\/oberflaechenveredelung\/\">tratamiento superficial<\/a> final, independientemente de su <a href=\"https:\/\/info.formfedern.com\/formfedern-flachfedern-blattfedern\/\">forma<\/a> y funci\u00f3n. \u00bfQuiere saber qu\u00e9 arandela el\u00e1stica o de sujeci\u00f3n es la m\u00e1s adecuada para su aplicaci\u00f3n? Entonces, p\u00f3ngase en contacto con nuestro departamento t\u00e9cnico por tel\u00e9fono en el (+49) 07445 8516-30 o <a href=\"mailto:technik@gutekunst-formfedern.de\">technik@gutekunst-formfedern.de<\/a>.<\/p>\n<p>Para obtener una oferta, env\u00ede los datos de la arandela el\u00e1stica y la arandela de sujeci\u00f3n necesarias en el siguiente <a href=\"https:\/\/info.formfedern.com\/stanzbiegeteile-anfrageformular\/\" target=\"_blank\" rel=\"noopener noreferrer\">bot\u00f3n de consulta<\/a>, indicando el n\u00famero de piezas y adjuntando un dibujo\/datos CAD. Independientemente del n\u00famero de art\u00edculos (muestras, peque\u00f1as cantidades, grandes series), le proporcionaremos una oferta sin compromiso con poca antelaci\u00f3n.<\/p>\n<p><a href=\"https:\/\/info.formfedern.com\/stanzbiegeteile-anfrageformular\/\" target=\"_blank\" rel=\"noopener noreferrer\"><img loading=\"lazy\" decoding=\"async\" class=\"aligncenter wp-image-8421 size-full\" src=\"https:\/\/info.formfedern.com\/wp-content\/uploads\/Anfragebutton_Stanzbiegeteile_2.png\" sizes=\"auto, (max-width: 276px) 100vw, 276px\" srcset=\"https:\/\/info.formfedern.com\/wp-content\/uploads\/Anfragebutton_Stanzbiegeteile_2.png 276w, https:\/\/info.formfedern.com\/wp-content\/uploads\/Anfragebutton_Stanzbiegeteile_2-270x58.png 270w, https:\/\/info.formfedern.com\/wp-content\/uploads\/Anfragebutton_Stanzbiegeteile_2-150x32.png 150w, https:\/\/info.formfedern.com\/wp-content\/uploads\/Anfragebutton_Stanzbiegeteile_2-200x42.png 200w\" alt=\"Formulario de consulta de piezas dobladas estampadas de Gutekunst Formfedern\" width=\"276\" height=\"58\" data-wp-pid=\"3198\"><\/a><\/p>\n<p><em>Tambi\u00e9n puede encontrar informaci\u00f3n adicional aqu\u00ed:<\/em><\/p>\n<ul>\n<li><a href=\"https:\/\/info.formfedern.com\/klemmfedern\/\">Muelles de sujeci\u00f3n para ajustar, bloquear y fijar<\/a><\/li>\n<\/ul>\n<ul>\n<li><a href=\"https:\/\/info.formfedern.com\/kraftschluessige-verbindung\/\">Conexi\u00f3n de fricci\u00f3n con clips de resorte<\/a><\/li>\n<\/ul>\n<ul>\n<li><a href=\"https:\/\/info.formfedern.com\/formfedern-flachfedern-blattfedern\/\">Forma resortes, ballestas y resortes planos<\/a><\/li>\n<\/ul>\n<ul>\n<li><a href=\"https:\/\/info.formfedern.com\/federstahlklammer\/\">Clips de acero para muelles galvanizados y fabricados en acero inoxidable<\/a><\/li>\n<\/ul>\n<ul>\n<li><a href=\"https:\/\/info.formfedern.com\/laserteile-bestellen\/\">Solicite piezas l\u00e1ser de forma r\u00e1pida y sencilla<\/a><\/li>\n<\/ul>","protected":false},"excerpt":{"rendered":"<p>\u00bfQu\u00e9 son las arandelas el\u00e1sticas y las arandelas de sujeci\u00f3n? Las arandelas el\u00e1sticas y las arandelas de sujeci\u00f3n forman parte de los elementos de fijaci\u00f3n tanto como los anillos el\u00e1sticos, las chavetas, los pasadores focales o los muelles planos. Se<\/p>\n","protected":false},"author":6,"featured_media":7338,"comment_status":"closed","ping_status":"open","sticky":false,"template":"","format":"standard","meta":{"footnotes":""},"categories":[763,830,760,751,753],"tags":[2153,2154,3181,3182,3179,3180,886],"class_list":["post-9537","post","type-post","status-publish","format-standard","has-post-thumbnail","hentry","category-arandelas-de-muelle","category-industria-es","category-muelles-plano","category-productos-es","category-rebaja","tag-arandelas-de-muelle","tag-arandelas-de-resorte-de-dedo","tag-arandelas-elasticas-abombadas","tag-arandelas-elasticas-arrugadas","tag-discos-de-sujecion","tag-elementos-de-seguridad","tag-resortes-planos"],"_links":{"self":[{"href":"https:\/\/info.formfedern.com\/es\/wp-json\/wp\/v2\/posts\/9537","targetHints":{"allow":["GET"]}}],"collection":[{"href":"https:\/\/info.formfedern.com\/es\/wp-json\/wp\/v2\/posts"}],"about":[{"href":"https:\/\/info.formfedern.com\/es\/wp-json\/wp\/v2\/types\/post"}],"author":[{"embeddable":true,"href":"https:\/\/info.formfedern.com\/es\/wp-json\/wp\/v2\/users\/6"}],"replies":[{"embeddable":true,"href":"https:\/\/info.formfedern.com\/es\/wp-json\/wp\/v2\/comments?post=9537"}],"version-history":[{"count":0,"href":"https:\/\/info.formfedern.com\/es\/wp-json\/wp\/v2\/posts\/9537\/revisions"}],"wp:featuredmedia":[{"embeddable":true,"href":"https:\/\/info.formfedern.com\/es\/wp-json\/wp\/v2\/media\/7338"}],"wp:attachment":[{"href":"https:\/\/info.formfedern.com\/es\/wp-json\/wp\/v2\/media?parent=9537"}],"wp:term":[{"taxonomy":"category","embeddable":true,"href":"https:\/\/info.formfedern.com\/es\/wp-json\/wp\/v2\/categories?post=9537"},{"taxonomy":"post_tag","embeddable":true,"href":"https:\/\/info.formfedern.com\/es\/wp-json\/wp\/v2\/tags?post=9537"}],"curies":[{"name":"wp","href":"https:\/\/api.w.org\/{rel}","templated":true}]}}